{"id":229074,"date":"2026-09-03T12:04:15","date_gmt":"2026-09-03T17:04:15","guid":{"rendered":"https:\/\/www.buroperiodistico.com.mx\/?p=229074"},"modified":"2026-09-03T12:04:15","modified_gmt":"2026-09-03T17:04:15","slug":"escucha-y-atiende-titular-de-la-set-a-comunidades-escolares-de-soto-la-marina","status":"publish","type":"post","link":"https:\/\/www.buroperiodistico.com.mx\/?p=229074","title":{"rendered":"Escucha y atiende titular de la SET a comunidades escolares de Soto la Marina"},"content":{"rendered":"<p><em><strong><img loading=\"lazy\" decoding=\"async\" class=\" wp-image-229079 alignright\" src=\"https:\/\/www.buroperiodistico.com.mx\/wp-content\/uploads\/2026\/09\/SETMarina.jpeg\" alt=\"\" width=\"509\" height=\"305\" srcset=\"https:\/\/www.buroperiodistico.com.mx\/wp-content\/uploads\/2026\/09\/SETMarina.jpeg 1024w, https:\/\/www.buroperiodistico.com.mx\/wp-content\/uploads\/2026\/09\/SETMarina-300x180.jpeg 300w, https:\/\/www.buroperiodistico.com.mx\/wp-content\/uploads\/2026\/09\/SETMarina-768x461.jpeg 768w\" sizes=\"auto, (max-width: 509px) 100vw, 509px\" \/>Soto la Marina, Tamaulipas (3-Septiembre-2026).-<\/strong><\/em> Con el prop\u00f3sito de que las escuelas cuenten con las mejores condiciones posibles para un exitoso proceso de ense\u00f1anza-aprendizaje, el secretario de Educaci\u00f3n de Tamaulipas, Miguel \u00c1ngel Valdez Garc\u00eda, se reuni\u00f3 con comunidades escolares del municipio de Soto la Marina.<\/p>\n<p>En el marco del inicio de clases del ciclo escolar 2026-2027, el titular del sector educativo visit\u00f3 las escuelas primarias \u201cM\u00e1rtires de la Revoluci\u00f3n\u201d y \u201cMelchor Ocampo\u201d, as\u00ed como el Jard\u00edn de Ni\u00f1os \u201cJean Piaget\u201d, en el poblado La Pesca, para conversar con directivos, docentes, madres y padres de familia y estudiantes.<\/p>\n<p>Durante los encuentros con docentes y familias, el secretario los exhort\u00f3 a dar lo mejor de s\u00ed: desde las aulas, en el caso de las y los maestros, ense\u00f1ando contenidos de calidad, y desde los hogares, en el caso de las madres y los padres de familia, generando un ambiente sano que propicie el desarrollo educativo de sus hijas e hijos.<\/p>\n<p>Valdez Garc\u00eda dialog\u00f3 adem\u00e1s sobre las necesidades espec\u00edficas de cada uno de los planteles educativos, escuchando propuestas y acciones para mejorar la instituci\u00f3n y propiciar que el proceso de aprendizaje alcance mejores niveles de calidad.<\/p>\n<p>Con las y los estudiantes, el titular de la SET les felicit\u00f3 por el regreso a clases y record\u00f3 que, como resultado de la visi\u00f3n de los gobiernos humanistas, todas y todos los estudiantes inscritos en escuelas p\u00fablicas, desde la primaria hasta la preparatoria, cuentan con una beca universal.<\/p>\n<p>Resalt\u00f3 que, gracias a un trabajo conjunto entre los gobiernos federal y estatal, liderados por la presidenta Claudia Sheinbaum Pardo y por el gobernador Am\u00e9rico Villarreal Anaya, respectivamente, el sistema educativo contin\u00faa consolid\u00e1ndose como la gran base de la transformaci\u00f3n del pa\u00eds.<\/p>\n<p>Adem\u00e1s, recorri\u00f3 las instalaciones de cada centro educativo, en donde constat\u00f3 algunas obras y apoyos que han beneficiado a los planteles, ya sea a trav\u00e9s del Instituto Tamaulipeco de Infraestructura F\u00edsica Educativa (ITIFE) o del Gobierno Municipal, como la construcci\u00f3n de comedores y la rehabilitaci\u00f3n de espacios.<\/p>\n<p><img loading=\"lazy\" decoding=\"async\" class=\"aligncenter size-full wp-image-229076\" src=\"https:\/\/www.buroperiodistico.com.mx\/wp-content\/uploads\/2026\/09\/SETMarina-I.jpeg\" alt=\"\" width=\"640\" height=\"427\" srcset=\"https:\/\/www.buroperiodistico.com.mx\/wp-content\/uploads\/2026\/09\/SETMarina-I.jpeg 640w, https:\/\/www.buroperiodistico.com.mx\/wp-content\/uploads\/2026\/09\/SETMarina-I-300x200.jpeg 300w\" sizes=\"auto, (max-width: 640px) 100vw, 640px\" \/> <img loading=\"lazy\" decoding=\"async\" class=\"aligncenter size-full wp-image-229078\" src=\"https:\/\/www.buroperiodistico.com.mx\/wp-content\/uploads\/2026\/09\/SETMarina-III.jpeg\" alt=\"\" width=\"640\" height=\"427\" srcset=\"https:\/\/www.buroperiodistico.com.mx\/wp-content\/uploads\/2026\/09\/SETMarina-III.jpeg 640w, https:\/\/www.buroperiodistico.com.mx\/wp-content\/uploads\/2026\/09\/SETMarina-III-300x200.jpeg 300w\" sizes=\"auto, (max-width: 640px) 100vw, 640px\" \/> <img loading=\"lazy\" decoding=\"async\" class=\"aligncenter size-full wp-image-229077\" src=\"https:\/\/www.buroperiodistico.com.mx\/wp-content\/uploads\/2026\/09\/SETMarina-II.jpeg\" alt=\"\" width=\"640\" height=\"427\" srcset=\"https:\/\/www.buroperiodistico.com.mx\/wp-content\/uploads\/2026\/09\/SETMarina-II.jpeg 640w, https:\/\/www.buroperiodistico.com.mx\/wp-content\/uploads\/2026\/09\/SETMarina-II-300x200.jpeg 300w\" sizes=\"auto, (max-width: 640px) 100vw, 640px\" \/><\/p>\n","protected":false},"excerpt":{"rendered":"<p>Soto la Marina, Tamaulipas (3-Septiembre-2026).- Con el prop\u00f3sito de que las escuelas cuenten con las&#8230;<\/p>\n","protected":false},"author":1,"featured_media":229079,"comment_status":"closed","ping_status":"closed","sticky":false,"template":"","format":"standard","meta":{"footnotes":"","jetpack_publicize_message":"","jetpack_publicize_feature_enabled":true,"jetpack_social_post_already_shared":true,"jetpack_social_options":{"image_generator_settings":{"template":"highway","default_image_id":0,"font":"","enabled":false},"version":2}},"categories":[10],"tags":[],"class_list":["post-229074","post","type-post","status-publish","format-standard","has-post-thumbnail","hentry","category-tamaulipas"],"jetpack_publicize_connections":[],"_links":{"self":[{"href":"https:\/\/www.buroperiodistico.com.mx\/index.php?rest_route=\/wp\/v2\/posts\/229074","targetHints":{"allow":["GET"]}}],"collection":[{"href":"https:\/\/www.buroperiodistico.com.mx\/index.php?rest_route=\/wp\/v2\/posts"}],"about":[{"href":"https:\/\/www.buroperiodistico.com.mx\/index.php?rest_route=\/wp\/v2\/types\/post"}],"author":[{"embeddable":true,"href":"https:\/\/www.buroperiodistico.com.mx\/index.php?rest_route=\/wp\/v2\/users\/1"}],"replies":[{"embeddable":true,"href":"https:\/\/www.buroperiodistico.com.mx\/index.php?rest_route=%2Fwp%2Fv2%2Fcomments&post=229074"}],"version-history":[{"count":2,"href":"https:\/\/www.buroperiodistico.com.mx\/index.php?rest_route=\/wp\/v2\/posts\/229074\/revisions"}],"predecessor-version":[{"id":229080,"href":"https:\/\/www.buroperiodistico.com.mx\/index.php?rest_route=\/wp\/v2\/posts\/229074\/revisions\/229080"}],"wp:featuredmedia":[{"embeddable":true,"href":"https:\/\/www.buroperiodistico.com.mx\/index.php?rest_route=\/wp\/v2\/media\/229079"}],"wp:attachment":[{"href":"https:\/\/www.buroperiodistico.com.mx\/index.php?rest_route=%2Fwp%2Fv2%2Fmedia&parent=229074"}],"wp:term":[{"taxonomy":"category","embeddable":true,"href":"https:\/\/www.buroperiodistico.com.mx\/index.php?rest_route=%2Fwp%2Fv2%2Fcategories&post=229074"},{"taxonomy":"post_tag","embeddable":true,"href":"https:\/\/www.buroperiodistico.com.mx\/index.php?rest_route=%2Fwp%2Fv2%2Ftags&post=229074"}],"curies":[{"name":"wp","href":"https:\/\/api.w.org\/{rel}","templated":true}]}}