{"id":229067,"date":"2026-09-03T11:03:08","date_gmt":"2026-09-03T16:03:08","guid":{"rendered":"https:\/\/www.buroperiodistico.com.mx\/?p=229067"},"modified":"2026-09-03T11:03:08","modified_gmt":"2026-09-03T16:03:08","slug":"rehabilita-gobierno-de-americo-puente-san-manuel-en-abasolo","status":"publish","type":"post","link":"https:\/\/www.buroperiodistico.com.mx\/?p=229067","title":{"rendered":"Rehabilita gobierno de Am\u00e9rico puente San Manuel en Abasolo"},"content":{"rendered":"<p><em><strong><img loading=\"lazy\" decoding=\"async\" class=\" wp-image-229071 alignright\" src=\"https:\/\/www.buroperiodistico.com.mx\/wp-content\/uploads\/2026\/09\/SOPAbasolo.jpeg\" alt=\"\" width=\"569\" height=\"352\" srcset=\"https:\/\/www.buroperiodistico.com.mx\/wp-content\/uploads\/2026\/09\/SOPAbasolo.jpeg 1024w, https:\/\/www.buroperiodistico.com.mx\/wp-content\/uploads\/2026\/09\/SOPAbasolo-300x185.jpeg 300w, https:\/\/www.buroperiodistico.com.mx\/wp-content\/uploads\/2026\/09\/SOPAbasolo-768x475.jpeg 768w\" sizes=\"auto, (max-width: 569px) 100vw, 569px\" \/>Abasolo, Tamaulipas (3-Septiembre-2026).-<\/strong><\/em> El gobierno de Am\u00e9rico Villarreal Anaya, a trav\u00e9s de la Secretar\u00eda de Obras P\u00fablicas lleva a cabo la rehabilitaci\u00f3n del Puente San Manuel en el kil\u00f3metro 14+300 de la carretera Jim\u00e9nez-Abasolo, con el prop\u00f3sito de fortalecer las condiciones de movilidad y funcionalidad de esta importante v\u00eda de comunicaci\u00f3n.<\/p>\n<p>El secretario Pedro Cepeda Anaya mencion\u00f3 que los trabajos forman parte de las acciones que impulsa el Gobierno del Estado para conservar y mejorar la infraestructura carretera de Tamaulipas con una inversi\u00f3n superior a los 31 millones de pesos (MDP).<\/p>\n<p>\u201cCon la visi\u00f3n del gobernador ejecutamos este tipo de obras para garantizar vialidades seguras y eficientes para el bienestar de las familias de esta regi\u00f3n, adem\u00e1s de transportistas y usuarios que diariamente utilizan esta ruta\u201d, refiri\u00f3 el titular de la dependencia estatal.<\/p>\n<p>Explic\u00f3 que la rehabilitaci\u00f3n del puente San Manuel contempla trabajos orientados a mejorar las condiciones estructurales y de servicio, permitiendo que este tramo opere de manera m\u00e1s segura y eficiente para quienes transitan por la carretera Jim\u00e9nez-Abasolo.<\/p>\n<p>Cepeda Anaya agreg\u00f3 que con estas acciones, la Secretar\u00eda de Obras P\u00fablicas mantiene una estrategia permanente de atenci\u00f3n a la red carretera estatal, mediante la rehabilitaci\u00f3n y la conservaci\u00f3n de vialidades que requieren intervenci\u00f3n para prolongar su vida \u00fatil y ofrecer mejores condiciones de tr\u00e1nsito.<\/p>\n<p><img loading=\"lazy\" decoding=\"async\" class=\"aligncenter size-full wp-image-229068\" src=\"https:\/\/www.buroperiodistico.com.mx\/wp-content\/uploads\/2026\/09\/SOPAbasolo-I.jpeg\" alt=\"\" width=\"640\" height=\"360\" srcset=\"https:\/\/www.buroperiodistico.com.mx\/wp-content\/uploads\/2026\/09\/SOPAbasolo-I.jpeg 640w, https:\/\/www.buroperiodistico.com.mx\/wp-content\/uploads\/2026\/09\/SOPAbasolo-I-300x169.jpeg 300w\" sizes=\"auto, (max-width: 640px) 100vw, 640px\" \/> <img loading=\"lazy\" decoding=\"async\" class=\"aligncenter size-full wp-image-229070\" src=\"https:\/\/www.buroperiodistico.com.mx\/wp-content\/uploads\/2026\/09\/SOPAbasolo-III.jpeg\" alt=\"\" width=\"640\" height=\"360\" srcset=\"https:\/\/www.buroperiodistico.com.mx\/wp-content\/uploads\/2026\/09\/SOPAbasolo-III.jpeg 640w, https:\/\/www.buroperiodistico.com.mx\/wp-content\/uploads\/2026\/09\/SOPAbasolo-III-300x169.jpeg 300w\" sizes=\"auto, (max-width: 640px) 100vw, 640px\" \/> <img loading=\"lazy\" decoding=\"async\" class=\"aligncenter size-full wp-image-229069\" src=\"https:\/\/www.buroperiodistico.com.mx\/wp-content\/uploads\/2026\/09\/SOPAbasolo-II.jpeg\" alt=\"\" width=\"640\" height=\"480\" srcset=\"https:\/\/www.buroperiodistico.com.mx\/wp-content\/uploads\/2026\/09\/SOPAbasolo-II.jpeg 640w, https:\/\/www.buroperiodistico.com.mx\/wp-content\/uploads\/2026\/09\/SOPAbasolo-II-300x225.jpeg 300w\" sizes=\"auto, (max-width: 640px) 100vw, 640px\" \/><\/p>\n","protected":false},"excerpt":{"rendered":"<p>Abasolo, Tamaulipas (3-Septiembre-2026).- El gobierno de Am\u00e9rico Villarreal Anaya, a trav\u00e9s de la Secretar\u00eda de&#8230;<\/p>\n","protected":false},"author":1,"featured_media":229071,"comment_status":"closed","ping_status":"closed","sticky":false,"template":"","format":"standard","meta":{"footnotes":"","jetpack_publicize_message":"","jetpack_publicize_feature_enabled":true,"jetpack_social_post_already_shared":true,"jetpack_social_options":{"image_generator_settings":{"template":"highway","default_image_id":0,"font":"","enabled":false},"version":2}},"categories":[10],"tags":[],"class_list":["post-229067","post","type-post","status-publish","format-standard","has-post-thumbnail","hentry","category-tamaulipas"],"jetpack_publicize_connections":[],"_links":{"self":[{"href":"https:\/\/www.buroperiodistico.com.mx\/index.php?rest_route=\/wp\/v2\/posts\/229067","targetHints":{"allow":["GET"]}}],"collection":[{"href":"https:\/\/www.buroperiodistico.com.mx\/index.php?rest_route=\/wp\/v2\/posts"}],"about":[{"href":"https:\/\/www.buroperiodistico.com.mx\/index.php?rest_route=\/wp\/v2\/types\/post"}],"author":[{"embeddable":true,"href":"https:\/\/www.buroperiodistico.com.mx\/index.php?rest_route=\/wp\/v2\/users\/1"}],"replies":[{"embeddable":true,"href":"https:\/\/www.buroperiodistico.com.mx\/index.php?rest_route=%2Fwp%2Fv2%2Fcomments&post=229067"}],"version-history":[{"count":2,"href":"https:\/\/www.buroperiodistico.com.mx\/index.php?rest_route=\/wp\/v2\/posts\/229067\/revisions"}],"predecessor-version":[{"id":229073,"href":"https:\/\/www.buroperiodistico.com.mx\/index.php?rest_route=\/wp\/v2\/posts\/229067\/revisions\/229073"}],"wp:featuredmedia":[{"embeddable":true,"href":"https:\/\/www.buroperiodistico.com.mx\/index.php?rest_route=\/wp\/v2\/media\/229071"}],"wp:attachment":[{"href":"https:\/\/www.buroperiodistico.com.mx\/index.php?rest_route=%2Fwp%2Fv2%2Fmedia&parent=229067"}],"wp:term":[{"taxonomy":"category","embeddable":true,"href":"https:\/\/www.buroperiodistico.com.mx\/index.php?rest_route=%2Fwp%2Fv2%2Fcategories&post=229067"},{"taxonomy":"post_tag","embeddable":true,"href":"https:\/\/www.buroperiodistico.com.mx\/index.php?rest_route=%2Fwp%2Fv2%2Ftags&post=229067"}],"curies":[{"name":"wp","href":"https:\/\/api.w.org\/{rel}","templated":true}]}}