{"id":229062,"date":"2026-09-03T10:46:06","date_gmt":"2026-09-03T15:46:06","guid":{"rendered":"https:\/\/www.buroperiodistico.com.mx\/?p=229062"},"modified":"2026-09-03T10:46:06","modified_gmt":"2026-09-03T15:46:06","slug":"promueven-pemex-y-municipio-de-reynosa-coordinacion-de-actuacion-ante-emergencias","status":"publish","type":"post","link":"https:\/\/www.buroperiodistico.com.mx\/?p=229062","title":{"rendered":"Promueven PEMEX y Municipio de Reynosa, coordinaci\u00f3n de actuaci\u00f3n ante emergencias"},"content":{"rendered":"<p><em><strong><img loading=\"lazy\" decoding=\"async\" class=\" wp-image-229065 alignright\" src=\"https:\/\/www.buroperiodistico.com.mx\/wp-content\/uploads\/2026\/09\/Pemexc.jpg\" alt=\"\" width=\"528\" height=\"322\" srcset=\"https:\/\/www.buroperiodistico.com.mx\/wp-content\/uploads\/2026\/09\/Pemexc.jpg 1024w, https:\/\/www.buroperiodistico.com.mx\/wp-content\/uploads\/2026\/09\/Pemexc-300x183.jpg 300w, https:\/\/www.buroperiodistico.com.mx\/wp-content\/uploads\/2026\/09\/Pemexc-768x468.jpg 768w\" sizes=\"auto, (max-width: 528px) 100vw, 528px\" \/>Reynosa, Tam (3-Septiembre-2026).-<\/strong><\/em> Reforzando la coordinaci\u00f3n y la capacidad de reacci\u00f3n que desde el Gobierno Municipal impulsa el Alcalde Carlos Pe\u00f1a Ortiz, el coordinador de Protecci\u00f3n Civil y Bomberos, Javier Iv\u00e1n Lam Cant\u00fa, asisti\u00f3 a la reuni\u00f3n de trabajo del Grupo Regional de Atenci\u00f3n y Manejo de Emergencias, GRAME, de PEMEX Noreste.<\/p>\n<p>Estos encuentros refuerzan estrategias, protocolos y la colaboraci\u00f3n entre instituciones para responder de manera oportuna y eficiente ante cualquier emergencia, priorizando siempre la seguridad de las familias de Reynosa.<\/p>\n<p>La prevenci\u00f3n y la coordinaci\u00f3n hacen la diferencia.<\/p>\n<p>#ReynosaImparable #GobiernoMunicipalDeReynosa<\/p>\n<p><img loading=\"lazy\" decoding=\"async\" class=\"aligncenter size-full wp-image-229063\" src=\"https:\/\/www.buroperiodistico.com.mx\/wp-content\/uploads\/2026\/09\/Pemexc-I.jpg\" alt=\"\" width=\"640\" height=\"426\" srcset=\"https:\/\/www.buroperiodistico.com.mx\/wp-content\/uploads\/2026\/09\/Pemexc-I.jpg 640w, https:\/\/www.buroperiodistico.com.mx\/wp-content\/uploads\/2026\/09\/Pemexc-I-300x200.jpg 300w\" sizes=\"auto, (max-width: 640px) 100vw, 640px\" \/> <img loading=\"lazy\" decoding=\"async\" class=\"aligncenter size-full wp-image-229064\" src=\"https:\/\/www.buroperiodistico.com.mx\/wp-content\/uploads\/2026\/09\/Pemexc-II.jpg\" alt=\"\" width=\"640\" height=\"426\" srcset=\"https:\/\/www.buroperiodistico.com.mx\/wp-content\/uploads\/2026\/09\/Pemexc-II.jpg 640w, https:\/\/www.buroperiodistico.com.mx\/wp-content\/uploads\/2026\/09\/Pemexc-II-300x200.jpg 300w\" sizes=\"auto, (max-width: 640px) 100vw, 640px\" \/><\/p>\n","protected":false},"excerpt":{"rendered":"<p>Reynosa, Tam (3-Septiembre-2026).- Reforzando la coordinaci\u00f3n y la capacidad de reacci\u00f3n que desde el Gobierno&#8230;<\/p>\n","protected":false},"author":1,"featured_media":229065,"comment_status":"closed","ping_status":"closed","sticky":false,"template":"","format":"standard","meta":{"footnotes":"","jetpack_publicize_message":"","jetpack_publicize_feature_enabled":true,"jetpack_social_post_already_shared":true,"jetpack_social_options":{"image_generator_settings":{"template":"highway","default_image_id":0,"font":"","enabled":false},"version":2}},"categories":[9],"tags":[],"class_list":["post-229062","post","type-post","status-publish","format-standard","has-post-thumbnail","hentry","category-reynosa"],"jetpack_publicize_connections":[],"_links":{"self":[{"href":"https:\/\/www.buroperiodistico.com.mx\/index.php?rest_route=\/wp\/v2\/posts\/229062","targetHints":{"allow":["GET"]}}],"collection":[{"href":"https:\/\/www.buroperiodistico.com.mx\/index.php?rest_route=\/wp\/v2\/posts"}],"about":[{"href":"https:\/\/www.buroperiodistico.com.mx\/index.php?rest_route=\/wp\/v2\/types\/post"}],"author":[{"embeddable":true,"href":"https:\/\/www.buroperiodistico.com.mx\/index.php?rest_route=\/wp\/v2\/users\/1"}],"replies":[{"embeddable":true,"href":"https:\/\/www.buroperiodistico.com.mx\/index.php?rest_route=%2Fwp%2Fv2%2Fcomments&post=229062"}],"version-history":[{"count":1,"href":"https:\/\/www.buroperiodistico.com.mx\/index.php?rest_route=\/wp\/v2\/posts\/229062\/revisions"}],"predecessor-version":[{"id":229066,"href":"https:\/\/www.buroperiodistico.com.mx\/index.php?rest_route=\/wp\/v2\/posts\/229062\/revisions\/229066"}],"wp:featuredmedia":[{"embeddable":true,"href":"https:\/\/www.buroperiodistico.com.mx\/index.php?rest_route=\/wp\/v2\/media\/229065"}],"wp:attachment":[{"href":"https:\/\/www.buroperiodistico.com.mx\/index.php?rest_route=%2Fwp%2Fv2%2Fmedia&parent=229062"}],"wp:term":[{"taxonomy":"category","embeddable":true,"href":"https:\/\/www.buroperiodistico.com.mx\/index.php?rest_route=%2Fwp%2Fv2%2Fcategories&post=229062"},{"taxonomy":"post_tag","embeddable":true,"href":"https:\/\/www.buroperiodistico.com.mx\/index.php?rest_route=%2Fwp%2Fv2%2Ftags&post=229062"}],"curies":[{"name":"wp","href":"https:\/\/api.w.org\/{rel}","templated":true}]}}