{"id":229059,"date":"2026-09-03T10:39:47","date_gmt":"2026-09-03T15:39:47","guid":{"rendered":"https:\/\/www.buroperiodistico.com.mx\/?p=229059"},"modified":"2026-09-03T10:39:47","modified_gmt":"2026-09-03T15:39:47","slug":"convoca-dif-reynosa-a-sumarse-al-desayuno-con-causa-unidas-somos-mas-fuertes","status":"publish","type":"post","link":"https:\/\/www.buroperiodistico.com.mx\/?p=229059","title":{"rendered":"Convoca DIF-Reynosa a sumarse al Desayuno con Causa \u201cUnidas Somos M\u00e1s Fuertes\u201d"},"content":{"rendered":"<p><em><strong>Reynosa, Tam (3-Septiembre-2026).-<\/strong><\/em> El Sistema DIF-Reynosa que preside Carlos Luis Pe\u00f1a Garza, realizar\u00e1 el tradicional Desayuno con Causa \u201cUnidas Somos M\u00e1s Fuertes\u201d, un encuentro que tiene como prop\u00f3sito reunir esfuerzos para apoyar a mujeres que han enfrentado el c\u00e1ncer de mama y acompa\u00f1arlas en una nueva etapa de vida con mayor confianza y bienestar.<\/p>\n<p>El evento se llevar\u00e1 a cabo el domingo 18 de octubre en el Sal\u00f3n La Cantera, donde empresas, asociaciones y ciudadan\u00eda podr\u00e1n participar: el donativo es de 600 pesos, adem\u00e1s de ser un espacio de convivencia, el desayuno permitir\u00e1 canalizar recursos a acciones dirigidas a mujeres que han superado esta enfermedad.<\/p>\n<p>El Sistema DIF-Reynosa invita a la comunidad a sumarse a esta causa y contribuir a que m\u00e1s mujeres puedan recibir apoyo en su proceso de recuperaci\u00f3n y adaptaci\u00f3n despu\u00e9s del c\u00e1ncer de mama, haciendo de esta tradici\u00f3n una oportunidad para unir esfuerzos y generar bienestar.<\/p>\n<p><img loading=\"lazy\" decoding=\"async\" class=\"aligncenter  wp-image-229060\" src=\"https:\/\/www.buroperiodistico.com.mx\/wp-content\/uploads\/2026\/09\/Desayux.jpg\" alt=\"\" width=\"968\" height=\"523\" srcset=\"https:\/\/www.buroperiodistico.com.mx\/wp-content\/uploads\/2026\/09\/Desayux.jpg 1110w, https:\/\/www.buroperiodistico.com.mx\/wp-content\/uploads\/2026\/09\/Desayux-300x162.jpg 300w, https:\/\/www.buroperiodistico.com.mx\/wp-content\/uploads\/2026\/09\/Desayux-1024x554.jpg 1024w, https:\/\/www.buroperiodistico.com.mx\/wp-content\/uploads\/2026\/09\/Desayux-768x415.jpg 768w\" sizes=\"auto, (max-width: 968px) 100vw, 968px\" \/><\/p>\n","protected":false},"excerpt":{"rendered":"<p>Reynosa, Tam (3-Septiembre-2026).- El Sistema DIF-Reynosa que preside Carlos Luis Pe\u00f1a Garza, realizar\u00e1 el tradicional&#8230;<\/p>\n","protected":false},"author":1,"featured_media":229060,"comment_status":"closed","ping_status":"closed","sticky":false,"template":"","format":"standard","meta":{"footnotes":"","jetpack_publicize_message":"","jetpack_publicize_feature_enabled":true,"jetpack_social_post_already_shared":true,"jetpack_social_options":{"image_generator_settings":{"template":"highway","default_image_id":0,"font":"","enabled":false},"version":2}},"categories":[9],"tags":[],"class_list":["post-229059","post","type-post","status-publish","format-standard","has-post-thumbnail","hentry","category-reynosa"],"jetpack_publicize_connections":[],"_links":{"self":[{"href":"https:\/\/www.buroperiodistico.com.mx\/index.php?rest_route=\/wp\/v2\/posts\/229059","targetHints":{"allow":["GET"]}}],"collection":[{"href":"https:\/\/www.buroperiodistico.com.mx\/index.php?rest_route=\/wp\/v2\/posts"}],"about":[{"href":"https:\/\/www.buroperiodistico.com.mx\/index.php?rest_route=\/wp\/v2\/types\/post"}],"author":[{"embeddable":true,"href":"https:\/\/www.buroperiodistico.com.mx\/index.php?rest_route=\/wp\/v2\/users\/1"}],"replies":[{"embeddable":true,"href":"https:\/\/www.buroperiodistico.com.mx\/index.php?rest_route=%2Fwp%2Fv2%2Fcomments&post=229059"}],"version-history":[{"count":1,"href":"https:\/\/www.buroperiodistico.com.mx\/index.php?rest_route=\/wp\/v2\/posts\/229059\/revisions"}],"predecessor-version":[{"id":229061,"href":"https:\/\/www.buroperiodistico.com.mx\/index.php?rest_route=\/wp\/v2\/posts\/229059\/revisions\/229061"}],"wp:featuredmedia":[{"embeddable":true,"href":"https:\/\/www.buroperiodistico.com.mx\/index.php?rest_route=\/wp\/v2\/media\/229060"}],"wp:attachment":[{"href":"https:\/\/www.buroperiodistico.com.mx\/index.php?rest_route=%2Fwp%2Fv2%2Fmedia&parent=229059"}],"wp:term":[{"taxonomy":"category","embeddable":true,"href":"https:\/\/www.buroperiodistico.com.mx\/index.php?rest_route=%2Fwp%2Fv2%2Fcategories&post=229059"},{"taxonomy":"post_tag","embeddable":true,"href":"https:\/\/www.buroperiodistico.com.mx\/index.php?rest_route=%2Fwp%2Fv2%2Ftags&post=229059"}],"curies":[{"name":"wp","href":"https:\/\/api.w.org\/{rel}","templated":true}]}}