{"id":229055,"date":"2026-09-03T10:34:04","date_gmt":"2026-09-03T15:34:04","guid":{"rendered":"https:\/\/www.buroperiodistico.com.mx\/?p=229055"},"modified":"2026-09-03T10:34:04","modified_gmt":"2026-09-03T15:34:04","slug":"reparo-servicios-publicos-accesos-principales-a-reynosa","status":"publish","type":"post","link":"https:\/\/www.buroperiodistico.com.mx\/?p=229055","title":{"rendered":"Repar\u00f3 Servicios P\u00fablicos accesos principales a Reynosa"},"content":{"rendered":"<p><em><strong><img loading=\"lazy\" decoding=\"async\" class=\" wp-image-229057 alignright\" src=\"https:\/\/www.buroperiodistico.com.mx\/wp-content\/uploads\/2026\/09\/Reparox.jpg\" alt=\"\" width=\"554\" height=\"353\" srcset=\"https:\/\/www.buroperiodistico.com.mx\/wp-content\/uploads\/2026\/09\/Reparox.jpg 1024w, https:\/\/www.buroperiodistico.com.mx\/wp-content\/uploads\/2026\/09\/Reparox-300x191.jpg 300w, https:\/\/www.buroperiodistico.com.mx\/wp-content\/uploads\/2026\/09\/Reparox-768x490.jpg 768w\" sizes=\"auto, (max-width: 554px) 100vw, 554px\" \/>Reynosa, Tam (3-Septiembre-2026).-<\/strong><\/em> Con el objetivo de que los residentes de la periferia y quienes visitan la ciudad cuenten con v\u00edas m\u00e1s seguras, el Gobierno Municipal de Reynosa que preside Carlos Pe\u00f1a Ortiz repara las entradas principales de la ciudad.<\/p>\n<p>El Alcalde y el Secretario de Servicios P\u00fablicos, Jos\u00e9 Antonio Ch\u00e1vez Herrera, planificaron una jornada de bacheo con carpeta asf\u00e1ltica que abarc\u00f3 desde la ma\u00f1ana de este mi\u00e9rcoles la Calzada Victoria y carretera a San Fernando.<\/p>\n<p>A trav\u00e9s de Servicios P\u00fablicos, las cuadrillas municipales trabajan en la rehabilitaci\u00f3n de estas importantes vialidades que conectan a Reynosa, mejorando la movilidad, la seguridad vial y el acceso para miles de automovilistas.<\/p>\n<p>#ReynosaImparable<br \/>\n#GobiernoMunicipalDeReynosa<\/p>\n<p><img loading=\"lazy\" decoding=\"async\" class=\"aligncenter size-full wp-image-229056\" src=\"https:\/\/www.buroperiodistico.com.mx\/wp-content\/uploads\/2026\/09\/Reparox-I.jpg\" alt=\"\" width=\"640\" height=\"419\" srcset=\"https:\/\/www.buroperiodistico.com.mx\/wp-content\/uploads\/2026\/09\/Reparox-I.jpg 640w, https:\/\/www.buroperiodistico.com.mx\/wp-content\/uploads\/2026\/09\/Reparox-I-300x196.jpg 300w\" sizes=\"auto, (max-width: 640px) 100vw, 640px\" \/><\/p>\n","protected":false},"excerpt":{"rendered":"<p>Reynosa, Tam (3-Septiembre-2026).- Con el objetivo de que los residentes de la periferia y quienes&#8230;<\/p>\n","protected":false},"author":1,"featured_media":229057,"comment_status":"closed","ping_status":"closed","sticky":false,"template":"","format":"standard","meta":{"footnotes":"","jetpack_publicize_message":"","jetpack_publicize_feature_enabled":true,"jetpack_social_post_already_shared":true,"jetpack_social_options":{"image_generator_settings":{"template":"highway","default_image_id":0,"font":"","enabled":false},"version":2}},"categories":[9],"tags":[],"class_list":["post-229055","post","type-post","status-publish","format-standard","has-post-thumbnail","hentry","category-reynosa"],"jetpack_publicize_connections":[],"_links":{"self":[{"href":"https:\/\/www.buroperiodistico.com.mx\/index.php?rest_route=\/wp\/v2\/posts\/229055","targetHints":{"allow":["GET"]}}],"collection":[{"href":"https:\/\/www.buroperiodistico.com.mx\/index.php?rest_route=\/wp\/v2\/posts"}],"about":[{"href":"https:\/\/www.buroperiodistico.com.mx\/index.php?rest_route=\/wp\/v2\/types\/post"}],"author":[{"embeddable":true,"href":"https:\/\/www.buroperiodistico.com.mx\/index.php?rest_route=\/wp\/v2\/users\/1"}],"replies":[{"embeddable":true,"href":"https:\/\/www.buroperiodistico.com.mx\/index.php?rest_route=%2Fwp%2Fv2%2Fcomments&post=229055"}],"version-history":[{"count":1,"href":"https:\/\/www.buroperiodistico.com.mx\/index.php?rest_route=\/wp\/v2\/posts\/229055\/revisions"}],"predecessor-version":[{"id":229058,"href":"https:\/\/www.buroperiodistico.com.mx\/index.php?rest_route=\/wp\/v2\/posts\/229055\/revisions\/229058"}],"wp:featuredmedia":[{"embeddable":true,"href":"https:\/\/www.buroperiodistico.com.mx\/index.php?rest_route=\/wp\/v2\/media\/229057"}],"wp:attachment":[{"href":"https:\/\/www.buroperiodistico.com.mx\/index.php?rest_route=%2Fwp%2Fv2%2Fmedia&parent=229055"}],"wp:term":[{"taxonomy":"category","embeddable":true,"href":"https:\/\/www.buroperiodistico.com.mx\/index.php?rest_route=%2Fwp%2Fv2%2Fcategories&post=229055"},{"taxonomy":"post_tag","embeddable":true,"href":"https:\/\/www.buroperiodistico.com.mx\/index.php?rest_route=%2Fwp%2Fv2%2Ftags&post=229055"}],"curies":[{"name":"wp","href":"https:\/\/api.w.org\/{rel}","templated":true}]}}