{"id":229041,"date":"2026-09-02T21:02:58","date_gmt":"2026-09-03T02:02:58","guid":{"rendered":"https:\/\/www.buroperiodistico.com.mx\/?p=229041"},"modified":"2026-09-02T21:02:58","modified_gmt":"2026-09-03T02:02:58","slug":"cronicas-politicas-por-alberto-guerra-salazar-771","status":"publish","type":"post","link":"https:\/\/www.buroperiodistico.com.mx\/?p=229041","title":{"rendered":"CRONICAS POLITICAS\/ Por Alberto Guerra Salazar"},"content":{"rendered":"<p><strong><em>02 DE septiembre 202<\/em><\/strong><\/p>\n<p style=\"text-align: center;\"><strong>Carmen Lilia informa hoy<\/strong><\/p>\n<p>CIUDAD VICTORIA, (ASI).\u2014 Teniendo como testigo de honor al Gobernador Am\u00e9rico Villarreal Anaya, este d\u00eda rendir\u00e1 su informe anual de actividades la presidenta municipal de Nuevo Laredo Carmen Lilia Canturosas Villarreal, en una ceremonia en el Polyforum La Fe, a las cuatro de la tarde.<\/p>\n<p>En este ejercicio de rendici\u00f3n de cuentas, la joven edil fronteriza dar\u00e1 a conocer los resultados y avances alcanzados durante su administraci\u00f3n, donde destacar\u00e1n finanzas sanas, inversi\u00f3n sin precedentes en obra p\u00fablica y una pol\u00edtica social cercana a las familias.<\/p>\n<p>\u201cEstoy lista para dar a conocer todo el trabajo que hemos llevado a cabo para acomodar a Nuevo Laredo en el lugar que merece y para que la transformaci\u00f3n que hemos construido juntos se consolide y siga avanzando\u201d, afirm\u00f3 la presidenta municipal.<\/p>\n<p>Durante el informa, la presidenta municipal dar\u00e1 cuenta de las principales acciones emprendidas en materia de obra p\u00fablica, servicios, infraestructura, educaci\u00f3n, salud, bienestar, desarrollo econ\u00f3mico y seguridad, as\u00ed como de los proyectos que marcan el rumbo de Nuevo Laredo hacia los pr\u00f3ximos a\u00f1os.<\/p>\n<p>Asistir\u00e1n al importante evento ciudadanos, representantes de los sectores empresarial, profesional y social, as\u00ed como funcionarios de los tres \u00f3rdenes de gobierno, integrantes del Ayuntamiento y representantes de distintos sectores de la sociedad neolaredense.<\/p>\n<p>Para una mayor difusi\u00f3n del contenido del informe, se har\u00e1 una transmisi\u00f3n en vivo de la ceremonia en las redes sociales oficiales de Carmen Lilia Canturosas Villarreal y del gobierno municipal de Nuevo Laredo.<\/p>\n<p>Por cierto, el mandatario estatal dispuso que hoy 3 de septiembre empiece a funcionar la Secretar\u00eda de las Mujeres de Tamaulipas, una figura robustecida dentro del Gabinete gubernamental.<\/p>\n<p>Am\u00e9rico expres\u00f3 que este cambio permitir\u00e1 contar con una instituci\u00f3n con mayor capacidad de coordinaci\u00f3n dentro del gobierno y mayor presencia en el territorio, para fortalecer el trabajo que ya se desarrolla cerca de las mujeres.<\/p>\n<p>Esta flamante secretar\u00eda tendr\u00e1 entre sus principales tareas impulsar la igualdad sustantiva entre mujeres y hombres, as\u00ed como promover la prevenci\u00f3n y atenci\u00f3n integral de las violencias contra las mujeres.<\/p>\n<p>Tambi\u00e9n contribuir\u00e1 a dar mayor alcance a las pol\u00edticas p\u00fablicas con perspectiva de g\u00e9nero, programas y acciones que atiendan las necesidades de las mujeres en cada regi\u00f3n de Tamaulipas, seg\u00fan agreg\u00f3.<\/p>\n<p>Dijo adem\u00e1s, que este proceso responde al marco jur\u00eddico nacional e internacional que reconoce los derechos de las mujeres y establece la responsabilidad de los gobiernos de promover la igualdad y garantizar una vida libre de violencia.<\/p>\n<p>Abrimos un par\u00e9ntesis para comentar la noticia que rueda en redes sociales respecto de otras 28 propiedades que descubri\u00f3 un semanario de circulaci\u00f3n nacional, supuestamente de Francisco Garc\u00eda Cabeza de Vaca pero escrituradas a nombre de familiares suyos, para encubrir presuntos actos de corrupci\u00f3n.<\/p>\n<p>Se trata de bienes inmuebles localizados en el condado de Hidalgo, Texas, de grandes extensiones uy con un valor econ\u00f3mico muy alto.<\/p>\n<p>Como se sabe, Cabeza de Vaca es un pr\u00f3fugo de la justicia mexicana pues le atribuyen actos de corrupci\u00f3n en su gesti\u00f3n de Gobernador de Tamaulipas.<\/p>\n<p>Correo electr\u00f3nico: albertoguerra65@hotmail.com<\/p>\n","protected":false},"excerpt":{"rendered":"<p>02 DE septiembre 202 Carmen Lilia informa hoy CIUDAD VICTORIA, (ASI).\u2014 Teniendo como testigo de&#8230;<\/p>\n","protected":false},"author":1,"featured_media":149413,"comment_status":"closed","ping_status":"closed","sticky":false,"template":"","format":"standard","meta":{"footnotes":"","jetpack_publicize_message":"","jetpack_publicize_feature_enabled":true,"jetpack_social_post_already_shared":true,"jetpack_social_options":{"image_generator_settings":{"template":"highway","default_image_id":0,"font":"","enabled":false},"version":2}},"categories":[23],"tags":[],"class_list":["post-229041","post","type-post","status-publish","format-standard","has-post-thumbnail","hentry","category-columnas"],"jetpack_publicize_connections":[],"_links":{"self":[{"href":"https:\/\/www.buroperiodistico.com.mx\/index.php?rest_route=\/wp\/v2\/posts\/229041","targetHints":{"allow":["GET"]}}],"collection":[{"href":"https:\/\/www.buroperiodistico.com.mx\/index.php?rest_route=\/wp\/v2\/posts"}],"about":[{"href":"https:\/\/www.buroperiodistico.com.mx\/index.php?rest_route=\/wp\/v2\/types\/post"}],"author":[{"embeddable":true,"href":"https:\/\/www.buroperiodistico.com.mx\/index.php?rest_route=\/wp\/v2\/users\/1"}],"replies":[{"embeddable":true,"href":"https:\/\/www.buroperiodistico.com.mx\/index.php?rest_route=%2Fwp%2Fv2%2Fcomments&post=229041"}],"version-history":[{"count":1,"href":"https:\/\/www.buroperiodistico.com.mx\/index.php?rest_route=\/wp\/v2\/posts\/229041\/revisions"}],"predecessor-version":[{"id":229042,"href":"https:\/\/www.buroperiodistico.com.mx\/index.php?rest_route=\/wp\/v2\/posts\/229041\/revisions\/229042"}],"wp:featuredmedia":[{"embeddable":true,"href":"https:\/\/www.buroperiodistico.com.mx\/index.php?rest_route=\/wp\/v2\/media\/149413"}],"wp:attachment":[{"href":"https:\/\/www.buroperiodistico.com.mx\/index.php?rest_route=%2Fwp%2Fv2%2Fmedia&parent=229041"}],"wp:term":[{"taxonomy":"category","embeddable":true,"href":"https:\/\/www.buroperiodistico.com.mx\/index.php?rest_route=%2Fwp%2Fv2%2Fcategories&post=229041"},{"taxonomy":"post_tag","embeddable":true,"href":"https:\/\/www.buroperiodistico.com.mx\/index.php?rest_route=%2Fwp%2Fv2%2Ftags&post=229041"}],"curies":[{"name":"wp","href":"https:\/\/api.w.org\/{rel}","templated":true}]}}