{"id":229031,"date":"2026-09-02T20:48:39","date_gmt":"2026-09-03T01:48:39","guid":{"rendered":"https:\/\/www.buroperiodistico.com.mx\/?p=229031"},"modified":"2026-09-02T20:48:39","modified_gmt":"2026-09-03T01:48:39","slug":"invita-gobierno-municipal-a-emprendedores-de-nuevo-laredo-a-participar-en-el-bazar-fiestas-patrias","status":"publish","type":"post","link":"https:\/\/www.buroperiodistico.com.mx\/?p=229031","title":{"rendered":"Invita gobierno municipal a emprendedores de Nuevo Laredo a participar en el bazar \u2018Fiestas Patrias\u2019"},"content":{"rendered":"<p><em><strong><img loading=\"lazy\" decoding=\"async\" class=\" wp-image-229032 alignright\" src=\"https:\/\/www.buroperiodistico.com.mx\/wp-content\/uploads\/2026\/09\/Baxax.jpg\" alt=\"\" width=\"496\" height=\"268\" srcset=\"https:\/\/www.buroperiodistico.com.mx\/wp-content\/uploads\/2026\/09\/Baxax.jpg 1110w, https:\/\/www.buroperiodistico.com.mx\/wp-content\/uploads\/2026\/09\/Baxax-300x162.jpg 300w, https:\/\/www.buroperiodistico.com.mx\/wp-content\/uploads\/2026\/09\/Baxax-1024x554.jpg 1024w, https:\/\/www.buroperiodistico.com.mx\/wp-content\/uploads\/2026\/09\/Baxax-768x415.jpg 768w\" sizes=\"auto, (max-width: 496px) 100vw, 496px\" \/>NUEVO LAREDO, TAM (2-Septiembre-2026).-<\/strong><\/em> El Gobierno Municipal de Nuevo Laredo, que encabeza la presidenta Carmen Lilia Canturosas Villarreal, invita a emprendedores y comerciantes locales a participar como expositores en el Bazar \u201cFiestas Patrias\u201d, un espacio creado para promover el talento, los productos y los negocios de la comunidad durante las celebraciones patrias.<\/p>\n<p>El bazar se llevar\u00e1 a cabo el 12 de septiembre, de 4:00 de la tarde a 10:00 de la noche, en la Plaza de la Mujer, donde las familias neolaredenses podr\u00e1n disfrutar de una jornada de convivencia y, al mismo tiempo, conocer y adquirir productos elaborados y comercializados por emprendedores de la ciudad.<\/p>\n<p>A trav\u00e9s de esta actividad, el Gobierno Municipal busca generar espacios que permitan a los peque\u00f1os negocios locales ampliar su alcance, dar a conocer sus productos y fortalecer sus oportunidades de comercializaci\u00f3n, sum\u00e1ndose a una celebraci\u00f3n que destaca el orgullo y la identidad mexicana.<\/p>\n<p>Las personas interesadas en participar como expositoras podr\u00e1n realizar su registro en l\u00ednea a partir del 1 de septiembre dentro del siguiente enlace: https:\/\/bit.ly\/BAZARFIESTASPATRIAS2026<\/p>\n<p>El Bazar \u201cFiestas Patrias\u201d forma parte de las acciones que impulsa el Gobierno Municipal para respaldar a quienes emprenden, generan productos y servicios en Nuevo Laredo y contribuyen al dinamismo econ\u00f3mico de la ciudad.<\/p>\n<p>La administraci\u00f3n municipal refrenda su compromiso de continuar generando espacios de promoci\u00f3n para el talento local, fortaleciendo las oportunidades para los emprendedores y acercando sus productos a las familias neolaredenses.<\/p>\n<p>Con acciones como estas, el Gobierno Municipal de Nuevo Laredo impulsa el talento local, fortalece el emprendimiento y genera nuevas oportunidades para que m\u00e1s familias puedan hacer crecer sus proyectos.<\/p>\n","protected":false},"excerpt":{"rendered":"<p>NUEVO LAREDO, TAM (2-Septiembre-2026).- El Gobierno Municipal de Nuevo Laredo, que encabeza la presidenta Carmen&#8230;<\/p>\n","protected":false},"author":1,"featured_media":229032,"comment_status":"closed","ping_status":"closed","sticky":false,"template":"","format":"standard","meta":{"footnotes":"","jetpack_publicize_message":"","jetpack_publicize_feature_enabled":true,"jetpack_social_post_already_shared":true,"jetpack_social_options":{"image_generator_settings":{"template":"highway","default_image_id":0,"font":"","enabled":false},"version":2}},"categories":[16],"tags":[],"class_list":["post-229031","post","type-post","status-publish","format-standard","has-post-thumbnail","hentry","category-nuevolaredo"],"jetpack_publicize_connections":[],"_links":{"self":[{"href":"https:\/\/www.buroperiodistico.com.mx\/index.php?rest_route=\/wp\/v2\/posts\/229031","targetHints":{"allow":["GET"]}}],"collection":[{"href":"https:\/\/www.buroperiodistico.com.mx\/index.php?rest_route=\/wp\/v2\/posts"}],"about":[{"href":"https:\/\/www.buroperiodistico.com.mx\/index.php?rest_route=\/wp\/v2\/types\/post"}],"author":[{"embeddable":true,"href":"https:\/\/www.buroperiodistico.com.mx\/index.php?rest_route=\/wp\/v2\/users\/1"}],"replies":[{"embeddable":true,"href":"https:\/\/www.buroperiodistico.com.mx\/index.php?rest_route=%2Fwp%2Fv2%2Fcomments&post=229031"}],"version-history":[{"count":1,"href":"https:\/\/www.buroperiodistico.com.mx\/index.php?rest_route=\/wp\/v2\/posts\/229031\/revisions"}],"predecessor-version":[{"id":229033,"href":"https:\/\/www.buroperiodistico.com.mx\/index.php?rest_route=\/wp\/v2\/posts\/229031\/revisions\/229033"}],"wp:featuredmedia":[{"embeddable":true,"href":"https:\/\/www.buroperiodistico.com.mx\/index.php?rest_route=\/wp\/v2\/media\/229032"}],"wp:attachment":[{"href":"https:\/\/www.buroperiodistico.com.mx\/index.php?rest_route=%2Fwp%2Fv2%2Fmedia&parent=229031"}],"wp:term":[{"taxonomy":"category","embeddable":true,"href":"https:\/\/www.buroperiodistico.com.mx\/index.php?rest_route=%2Fwp%2Fv2%2Fcategories&post=229031"},{"taxonomy":"post_tag","embeddable":true,"href":"https:\/\/www.buroperiodistico.com.mx\/index.php?rest_route=%2Fwp%2Fv2%2Ftags&post=229031"}],"curies":[{"name":"wp","href":"https:\/\/api.w.org\/{rel}","templated":true}]}}