{"id":229027,"date":"2026-09-02T20:43:30","date_gmt":"2026-09-03T01:43:30","guid":{"rendered":"https:\/\/www.buroperiodistico.com.mx\/?p=229027"},"modified":"2026-09-02T20:43:30","modified_gmt":"2026-09-03T01:43:30","slug":"destaca-liderazgo-estudiantil-de-la-uat-en-el-congreso-internacional-del-programa-delfin-2026","status":"publish","type":"post","link":"https:\/\/www.buroperiodistico.com.mx\/?p=229027","title":{"rendered":"Destaca liderazgo estudiantil de la UAT en el Congreso Internacional del Programa DELF\u00cdN 2026"},"content":{"rendered":"<p><em><strong><img loading=\"lazy\" decoding=\"async\" class=\" wp-image-229029 alignright\" src=\"https:\/\/www.buroperiodistico.com.mx\/wp-content\/uploads\/2026\/09\/Alumnsx.jpeg\" alt=\"\" width=\"461\" height=\"296\" srcset=\"https:\/\/www.buroperiodistico.com.mx\/wp-content\/uploads\/2026\/09\/Alumnsx.jpeg 1024w, https:\/\/www.buroperiodistico.com.mx\/wp-content\/uploads\/2026\/09\/Alumnsx-300x192.jpeg 300w, https:\/\/www.buroperiodistico.com.mx\/wp-content\/uploads\/2026\/09\/Alumnsx-768x493.jpeg 768w\" sizes=\"auto, (max-width: 461px) 100vw, 461px\" \/>Ciudad Victoria, Tam (2-Septiembre-2026).-<\/strong><\/em>\u00a0Con la presentaci\u00f3n de proyectos multidisciplinarios de alto impacto cient\u00edfico y social, concluy\u00f3 de manera exitosa la participaci\u00f3n de la delegaci\u00f3n de estudiantes de la Universidad Aut\u00f3noma de Tamaulipas (UAT) en el Congreso Internacional del 31.\u00b0 Verano de la Investigaci\u00f3n Cient\u00edfica y Tecnol\u00f3gica del Pac\u00edfico (Programa Delf\u00edn), desarrollado del 26 al 29 de agosto, en Nuevo Nayarit, M\u00e9xico.<\/p>\n<p>Al respecto, el rector D\u00e1maso Anaya Alvarado brind\u00f3 su reconocimiento al grupo integrado por 26 universitarios que representaron a la UAT en este importante espacio, reiterando el impulso de su gesti\u00f3n al fortalecimiento de iniciativas que ofrezcan a las y los j\u00f3venes a vivencias directas en la pr\u00e1ctica cient\u00edfica.<\/p>\n<p>Subray\u00f3 la importancia de que el alumnado colabore activamente con investigadores de alto nivel, refrendando la apuesta institucional por incrementar de manera sustancial los intercambios y otorgar los apoyos necesarios para garantizar la movilidad acad\u00e9mica.<\/p>\n<p>Tras haber completado siete semanas de estancia en diversas instituciones de M\u00e9xico y del extranjero, las y los universitarios de diversas facultades y unidades acad\u00e9micas de la UAT acudieron al congreso para exponer los avances, metodolog\u00edas y hallazgos finales de sus proyectos mediante ponencias orales y carteles cient\u00edficos, entablando un di\u00e1logo directo con especialistas de instituciones internacionales.<\/p>\n<p>Durante el evento presencial, la comitiva de la UAT abord\u00f3 l\u00edneas de investigaci\u00f3n de vanguardia en \u00e1reas del conocimiento contempladas en el programa, destac\u00e1ndose temas clave como la innovaci\u00f3n tecnol\u00f3gica mediante inteligencia artificial, la biotecnolog\u00eda y biolog\u00eda molecular aplicadas a la biomedicina, el fortalecimiento de la<\/p>\n<p>salud p\u00fablica, la log\u00edstica sustentable para el entorno industrial, el desarrollo comunitario y la transformaci\u00f3n educativa, entre otras propuestas dirigidas a atender necesidades reales de la sociedad.<\/p>\n<p>A su regreso, el grupo de estudiantes expres\u00f3 su agradecimiento al rector D\u00e1maso Anaya por el respaldo institucional y por las facilidades otorgadas para participar en esta experiencia que no solo les permiti\u00f3 poner en pr\u00e1ctica los conocimientos te\u00f3ricos en escenarios de vanguardia y generar redes de colaboraci\u00f3n con estudiantes de movilidad, sino que reafirma el valor de la universidad p\u00fablica como plataforma para las vocaciones cient\u00edficas comprometidas con el entorno.<\/p>\n<p>Cabe mencionar que, como parte del Programa Delf\u00edn 2026, se desarrollar\u00e1 el Congreso Internacional en la modalidad virtual, del 23 al 25 de septiembre de 2026, en donde se espera la participaci\u00f3n de alrededor de 300 estudiantes de la UAT, consolid\u00e1ndose el papel de la m\u00e1xima casa de estudios como motor de transformaci\u00f3n cient\u00edfica, acad\u00e9mica y social en la regi\u00f3n.<\/p>\n<p><img loading=\"lazy\" decoding=\"async\" class=\"aligncenter size-full wp-image-229028\" src=\"https:\/\/www.buroperiodistico.com.mx\/wp-content\/uploads\/2026\/09\/Alumnsx-I.jpeg\" alt=\"\" width=\"640\" height=\"394\" srcset=\"https:\/\/www.buroperiodistico.com.mx\/wp-content\/uploads\/2026\/09\/Alumnsx-I.jpeg 640w, https:\/\/www.buroperiodistico.com.mx\/wp-content\/uploads\/2026\/09\/Alumnsx-I-300x185.jpeg 300w\" sizes=\"auto, (max-width: 640px) 100vw, 640px\" \/><\/p>\n","protected":false},"excerpt":{"rendered":"<p>Ciudad Victoria, Tam (2-Septiembre-2026).-\u00a0Con la presentaci\u00f3n de proyectos multidisciplinarios de alto impacto cient\u00edfico y social,&#8230;<\/p>\n","protected":false},"author":1,"featured_media":229029,"comment_status":"closed","ping_status":"closed","sticky":false,"template":"","format":"standard","meta":{"footnotes":"","jetpack_publicize_message":"","jetpack_publicize_feature_enabled":true,"jetpack_social_post_already_shared":true,"jetpack_social_options":{"image_generator_settings":{"template":"highway","default_image_id":0,"font":"","enabled":false},"version":2}},"categories":[28],"tags":[],"class_list":["post-229027","post","type-post","status-publish","format-standard","has-post-thumbnail","hentry","category-uat"],"jetpack_publicize_connections":[],"_links":{"self":[{"href":"https:\/\/www.buroperiodistico.com.mx\/index.php?rest_route=\/wp\/v2\/posts\/229027","targetHints":{"allow":["GET"]}}],"collection":[{"href":"https:\/\/www.buroperiodistico.com.mx\/index.php?rest_route=\/wp\/v2\/posts"}],"about":[{"href":"https:\/\/www.buroperiodistico.com.mx\/index.php?rest_route=\/wp\/v2\/types\/post"}],"author":[{"embeddable":true,"href":"https:\/\/www.buroperiodistico.com.mx\/index.php?rest_route=\/wp\/v2\/users\/1"}],"replies":[{"embeddable":true,"href":"https:\/\/www.buroperiodistico.com.mx\/index.php?rest_route=%2Fwp%2Fv2%2Fcomments&post=229027"}],"version-history":[{"count":1,"href":"https:\/\/www.buroperiodistico.com.mx\/index.php?rest_route=\/wp\/v2\/posts\/229027\/revisions"}],"predecessor-version":[{"id":229030,"href":"https:\/\/www.buroperiodistico.com.mx\/index.php?rest_route=\/wp\/v2\/posts\/229027\/revisions\/229030"}],"wp:featuredmedia":[{"embeddable":true,"href":"https:\/\/www.buroperiodistico.com.mx\/index.php?rest_route=\/wp\/v2\/media\/229029"}],"wp:attachment":[{"href":"https:\/\/www.buroperiodistico.com.mx\/index.php?rest_route=%2Fwp%2Fv2%2Fmedia&parent=229027"}],"wp:term":[{"taxonomy":"category","embeddable":true,"href":"https:\/\/www.buroperiodistico.com.mx\/index.php?rest_route=%2Fwp%2Fv2%2Fcategories&post=229027"},{"taxonomy":"post_tag","embeddable":true,"href":"https:\/\/www.buroperiodistico.com.mx\/index.php?rest_route=%2Fwp%2Fv2%2Ftags&post=229027"}],"curies":[{"name":"wp","href":"https:\/\/api.w.org\/{rel}","templated":true}]}}