{"id":229013,"date":"2026-09-02T18:34:25","date_gmt":"2026-09-02T23:34:25","guid":{"rendered":"https:\/\/www.buroperiodistico.com.mx\/?p=229013"},"modified":"2026-09-02T18:34:25","modified_gmt":"2026-09-02T23:34:25","slug":"fortalece-tamaulipas-su-politica-para-las-mujeres-con-la-creacion-de-la-secretaria-de-las-mujeres","status":"publish","type":"post","link":"https:\/\/www.buroperiodistico.com.mx\/?p=229013","title":{"rendered":"Fortalece Tamaulipas su pol\u00edtica para las mujeres con la creaci\u00f3n de la Secretar\u00eda de las Mujeres"},"content":{"rendered":"<p><em><strong><img loading=\"lazy\" decoding=\"async\" class=\" wp-image-229014 alignright\" src=\"https:\/\/www.buroperiodistico.com.mx\/wp-content\/uploads\/2026\/09\/IMTMujeres.jpeg\" alt=\"\" width=\"409\" height=\"256\" srcset=\"https:\/\/www.buroperiodistico.com.mx\/wp-content\/uploads\/2026\/09\/IMTMujeres.jpeg 1024w, https:\/\/www.buroperiodistico.com.mx\/wp-content\/uploads\/2026\/09\/IMTMujeres-300x188.jpeg 300w, https:\/\/www.buroperiodistico.com.mx\/wp-content\/uploads\/2026\/09\/IMTMujeres-768x481.jpeg 768w\" sizes=\"auto, (max-width: 409px) 100vw, 409px\" \/>Ciudad Victoria, Tamaulipas (2-Septiembre-2026).-<\/strong><\/em> Tamaulipas da un paso m\u00e1s para fortalecer las pol\u00edticas p\u00fablicas dirigidas a las mujeres con la creaci\u00f3n de la Secretar\u00eda de las Mujeres. Esta iniciativa, impulsada por el gobernador Am\u00e9rico Villarreal Anaya, entrar\u00e1 en funciones este 3 de septiembre, inform\u00f3 Marcia Benavides, titular de la Secretar\u00eda de las Mujeres en Tamaulipas.<\/p>\n<p>Destac\u00f3 que este cambio permitir\u00e1 contar con una instituci\u00f3n con mayor capacidad de coordinaci\u00f3n dentro del gobierno y mayor presencia en el territorio, para fortalecer el trabajo que ya se desarrolla cerca de las mujeres.<\/p>\n<p>La secretar\u00eda tendr\u00e1 entre sus principales tareas impulsar la igualdad sustantiva entre mujeres y hombres, as\u00ed como promover la prevenci\u00f3n y atenci\u00f3n integral de las violencias contra las mujeres.<\/p>\n<p>Asimismo, contribuir\u00e1 a dar mayor alcance a las pol\u00edticas p\u00fablicas con perspectiva de g\u00e9nero, programas y acciones que atiendan las necesidades de las mujeres en cada regi\u00f3n de Tamaulipas, agreg\u00f3.<\/p>\n<p>Precis\u00f3 que este proceso responde al marco jur\u00eddico nacional e internacional que reconoce los derechos de las mujeres y establece la responsabilidad de los gobiernos de promover la igualdad y garantizar una vida libre de violencias.<\/p>\n<p>Finalmente, Benavides Villafranca destac\u00f3 que, con esta transformaci\u00f3n, el Gobierno de Tamaulipas refrenda su compromiso de seguir trabajando por la igualdad, proteger los derechos de las mujeres y contribuir a una vida libre de violencias.<\/p>\n","protected":false},"excerpt":{"rendered":"<p>Ciudad Victoria, Tamaulipas (2-Septiembre-2026).- Tamaulipas da un paso m\u00e1s para fortalecer las pol\u00edticas p\u00fablicas dirigidas&#8230;<\/p>\n","protected":false},"author":1,"featured_media":229014,"comment_status":"closed","ping_status":"closed","sticky":false,"template":"","format":"standard","meta":{"footnotes":"","jetpack_publicize_message":"","jetpack_publicize_feature_enabled":true,"jetpack_social_post_already_shared":true,"jetpack_social_options":{"image_generator_settings":{"template":"highway","default_image_id":0,"font":"","enabled":false},"version":2}},"categories":[25,10],"tags":[],"class_list":["post-229013","post","type-post","status-publish","format-standard","has-post-thumbnail","hentry","category-portada","category-tamaulipas"],"jetpack_publicize_connections":[],"_links":{"self":[{"href":"https:\/\/www.buroperiodistico.com.mx\/index.php?rest_route=\/wp\/v2\/posts\/229013","targetHints":{"allow":["GET"]}}],"collection":[{"href":"https:\/\/www.buroperiodistico.com.mx\/index.php?rest_route=\/wp\/v2\/posts"}],"about":[{"href":"https:\/\/www.buroperiodistico.com.mx\/index.php?rest_route=\/wp\/v2\/types\/post"}],"author":[{"embeddable":true,"href":"https:\/\/www.buroperiodistico.com.mx\/index.php?rest_route=\/wp\/v2\/users\/1"}],"replies":[{"embeddable":true,"href":"https:\/\/www.buroperiodistico.com.mx\/index.php?rest_route=%2Fwp%2Fv2%2Fcomments&post=229013"}],"version-history":[{"count":1,"href":"https:\/\/www.buroperiodistico.com.mx\/index.php?rest_route=\/wp\/v2\/posts\/229013\/revisions"}],"predecessor-version":[{"id":229015,"href":"https:\/\/www.buroperiodistico.com.mx\/index.php?rest_route=\/wp\/v2\/posts\/229013\/revisions\/229015"}],"wp:featuredmedia":[{"embeddable":true,"href":"https:\/\/www.buroperiodistico.com.mx\/index.php?rest_route=\/wp\/v2\/media\/229014"}],"wp:attachment":[{"href":"https:\/\/www.buroperiodistico.com.mx\/index.php?rest_route=%2Fwp%2Fv2%2Fmedia&parent=229013"}],"wp:term":[{"taxonomy":"category","embeddable":true,"href":"https:\/\/www.buroperiodistico.com.mx\/index.php?rest_route=%2Fwp%2Fv2%2Fcategories&post=229013"},{"taxonomy":"post_tag","embeddable":true,"href":"https:\/\/www.buroperiodistico.com.mx\/index.php?rest_route=%2Fwp%2Fv2%2Ftags&post=229013"}],"curies":[{"name":"wp","href":"https:\/\/api.w.org\/{rel}","templated":true}]}}