{"id":228980,"date":"2026-09-02T16:24:37","date_gmt":"2026-09-02T21:24:37","guid":{"rendered":"https:\/\/www.buroperiodistico.com.mx\/?p=228980"},"modified":"2026-09-02T16:24:37","modified_gmt":"2026-09-02T21:24:37","slug":"avanzan-universitarias-tamaulipecas-a-la-final-nacional-de-la-presea-stem-2026","status":"publish","type":"post","link":"https:\/\/www.buroperiodistico.com.mx\/?p=228980","title":{"rendered":"Avanzan universitarias tamaulipecas a la final nacional de la Presea STEM 2026"},"content":{"rendered":"<p><em><strong><img loading=\"lazy\" decoding=\"async\" class=\" wp-image-228984 alignright\" src=\"https:\/\/www.buroperiodistico.com.mx\/wp-content\/uploads\/2026\/09\/UTTSTEM.jpeg\" alt=\"\" width=\"497\" height=\"320\" srcset=\"https:\/\/www.buroperiodistico.com.mx\/wp-content\/uploads\/2026\/09\/UTTSTEM.jpeg 1024w, https:\/\/www.buroperiodistico.com.mx\/wp-content\/uploads\/2026\/09\/UTTSTEM-300x193.jpeg 300w, https:\/\/www.buroperiodistico.com.mx\/wp-content\/uploads\/2026\/09\/UTTSTEM-768x494.jpeg 768w\" sizes=\"auto, (max-width: 497px) 100vw, 497px\" \/>Ciudad Victoria, Tamaulipas (2-Septiembre-2026).-<\/strong><\/em> La participaci\u00f3n, trayectoria y liderazgo de las mujeres tamaulipecas vuelven a resaltar una vez m\u00e1s en M\u00e9xico, con tres universitarias que avanzan a la final de la Presea Nacional al M\u00e9rito de las Universitarias STEM UTyP 2026.<\/p>\n<p>Sof\u00eda Ximena Vargas Torres y Mar\u00eda Fernanda L\u00f3pez Villarreal, alumnas de la Universidad Tecnol\u00f3gica de Altamira (UTALT), y Lourdes Vital L\u00f3pez, docente de la Universidad Tecnol\u00f3gica de Tamaulipas Norte (UTTN) al momento de su postulaci\u00f3n, forman parte del grupo de representantes de la regi\u00f3n noreste del pa\u00eds.<\/p>\n<p>Lourdes Vital es reconocida en la categor\u00eda de Acad\u00e9micas UTyP; Sof\u00eda Ximena Vargas, en la categor\u00eda de T\u00e9cnico Superior Universitario\/Licenciatura UTyP, y Mar\u00eda Fernanda L\u00f3pez, en la categor\u00eda de Posgrado UTyP, siendo tres de las cinco finalistas galardonadas en esta regi\u00f3n.<\/p>\n<p>Mara Grassiel Acosta Gonz\u00e1lez, rectora de la UT Altamira, destac\u00f3 la relevante participaci\u00f3n de ambas alumnas que refrenda el compromiso de la universidad con el impulso al talento femenino en las \u00e1reas STEM y que comprueba el desempe\u00f1o, la preparaci\u00f3n y la dedicaci\u00f3n de sus estudiantes, quienes contin\u00faan posicionando a la instituci\u00f3n en escenarios de alcance nacional.<\/p>\n<p>Por su parte, Tadeo Luebbert Iberri, rector de la UTTN, felicit\u00f3 a la docente y la puso como un ejemplo del nivel acad\u00e9mico de la instituci\u00f3n. Subray\u00f3 la visi\u00f3n de la universidad de formar profesionistas con altos est\u00e1ndares de calidad en \u00e1reas trascendentales, acordes con las vocaciones de desarrollo de la regi\u00f3n.<\/p>\n<p>La Presea Nacional al M\u00e9rito de las Universitarias STEM UTyP 2026 es una iniciativa convocada por la Direcci\u00f3n General de Universidades Tecnol\u00f3gicas y Polit\u00e9cnicas, que preside el Consejo Nacional STEM UTyP, con el prop\u00f3sito de reconocer el talento y la destacada participaci\u00f3n de mujeres universitarias en las \u00e1reas de Ciencia, Tecnolog\u00eda, Ingenier\u00eda y Matem\u00e1ticas.<\/p>\n<p>En esta edici\u00f3n participaron 797 mujeres de todo el pa\u00eds, por lo que el pase de las universitarias tamaulipecas a la fase final nacional representa un importante logro para ellas y para la educaci\u00f3n superior en el estado, al consolidarse como destacadas representantes de la regi\u00f3n noreste y ser un reflejo del impulso que se le brinda a la educaci\u00f3n superior por parte del gobernador Am\u00e9rico Villarreal Anaya y el secretario de Educaci\u00f3n, Miguel \u00c1ngel Valdez Garc\u00eda.<\/p>\n<p><img loading=\"lazy\" decoding=\"async\" class=\"aligncenter size-full wp-image-228983\" src=\"https:\/\/www.buroperiodistico.com.mx\/wp-content\/uploads\/2026\/09\/UTTSTEM-III.jpeg\" alt=\"\" width=\"480\" height=\"640\" srcset=\"https:\/\/www.buroperiodistico.com.mx\/wp-content\/uploads\/2026\/09\/UTTSTEM-III.jpeg 480w, https:\/\/www.buroperiodistico.com.mx\/wp-content\/uploads\/2026\/09\/UTTSTEM-III-225x300.jpeg 225w\" sizes=\"auto, (max-width: 480px) 100vw, 480px\" \/> <img loading=\"lazy\" decoding=\"async\" class=\"aligncenter size-full wp-image-228982\" src=\"https:\/\/www.buroperiodistico.com.mx\/wp-content\/uploads\/2026\/09\/UTTSTEM-II.jpeg\" alt=\"\" width=\"640\" height=\"473\" srcset=\"https:\/\/www.buroperiodistico.com.mx\/wp-content\/uploads\/2026\/09\/UTTSTEM-II.jpeg 640w, https:\/\/www.buroperiodistico.com.mx\/wp-content\/uploads\/2026\/09\/UTTSTEM-II-300x222.jpeg 300w\" sizes=\"auto, (max-width: 640px) 100vw, 640px\" \/> <img loading=\"lazy\" decoding=\"async\" class=\"aligncenter size-full wp-image-228981\" src=\"https:\/\/www.buroperiodistico.com.mx\/wp-content\/uploads\/2026\/09\/UTTSTEM-I.jpeg\" alt=\"\" width=\"640\" height=\"397\" srcset=\"https:\/\/www.buroperiodistico.com.mx\/wp-content\/uploads\/2026\/09\/UTTSTEM-I.jpeg 640w, https:\/\/www.buroperiodistico.com.mx\/wp-content\/uploads\/2026\/09\/UTTSTEM-I-300x186.jpeg 300w\" sizes=\"auto, (max-width: 640px) 100vw, 640px\" \/><\/p>\n","protected":false},"excerpt":{"rendered":"<p>Ciudad Victoria, Tamaulipas (2-Septiembre-2026).- La participaci\u00f3n, trayectoria y liderazgo de las mujeres tamaulipecas vuelven a&#8230;<\/p>\n","protected":false},"author":1,"featured_media":228984,"comment_status":"closed","ping_status":"closed","sticky":false,"template":"","format":"standard","meta":{"footnotes":"","jetpack_publicize_message":"","jetpack_publicize_feature_enabled":true,"jetpack_social_post_already_shared":true,"jetpack_social_options":{"image_generator_settings":{"template":"highway","default_image_id":0,"font":"","enabled":false},"version":2}},"categories":[10],"tags":[],"class_list":["post-228980","post","type-post","status-publish","format-standard","has-post-thumbnail","hentry","category-tamaulipas"],"jetpack_publicize_connections":[],"_links":{"self":[{"href":"https:\/\/www.buroperiodistico.com.mx\/index.php?rest_route=\/wp\/v2\/posts\/228980","targetHints":{"allow":["GET"]}}],"collection":[{"href":"https:\/\/www.buroperiodistico.com.mx\/index.php?rest_route=\/wp\/v2\/posts"}],"about":[{"href":"https:\/\/www.buroperiodistico.com.mx\/index.php?rest_route=\/wp\/v2\/types\/post"}],"author":[{"embeddable":true,"href":"https:\/\/www.buroperiodistico.com.mx\/index.php?rest_route=\/wp\/v2\/users\/1"}],"replies":[{"embeddable":true,"href":"https:\/\/www.buroperiodistico.com.mx\/index.php?rest_route=%2Fwp%2Fv2%2Fcomments&post=228980"}],"version-history":[{"count":1,"href":"https:\/\/www.buroperiodistico.com.mx\/index.php?rest_route=\/wp\/v2\/posts\/228980\/revisions"}],"predecessor-version":[{"id":228985,"href":"https:\/\/www.buroperiodistico.com.mx\/index.php?rest_route=\/wp\/v2\/posts\/228980\/revisions\/228985"}],"wp:featuredmedia":[{"embeddable":true,"href":"https:\/\/www.buroperiodistico.com.mx\/index.php?rest_route=\/wp\/v2\/media\/228984"}],"wp:attachment":[{"href":"https:\/\/www.buroperiodistico.com.mx\/index.php?rest_route=%2Fwp%2Fv2%2Fmedia&parent=228980"}],"wp:term":[{"taxonomy":"category","embeddable":true,"href":"https:\/\/www.buroperiodistico.com.mx\/index.php?rest_route=%2Fwp%2Fv2%2Fcategories&post=228980"},{"taxonomy":"post_tag","embeddable":true,"href":"https:\/\/www.buroperiodistico.com.mx\/index.php?rest_route=%2Fwp%2Fv2%2Ftags&post=228980"}],"curies":[{"name":"wp","href":"https:\/\/api.w.org\/{rel}","templated":true}]}}