{"id":228977,"date":"2026-09-02T16:19:49","date_gmt":"2026-09-02T21:19:49","guid":{"rendered":"https:\/\/www.buroperiodistico.com.mx\/?p=228977"},"modified":"2026-09-02T16:19:49","modified_gmt":"2026-09-02T21:19:49","slug":"seguira-en-reynosa-el-selectivo-estatal-rumbo-a-la-paralimpiada-nacional-2026","status":"publish","type":"post","link":"https:\/\/www.buroperiodistico.com.mx\/?p=228977","title":{"rendered":"Seguir\u00e1 en Reynosa el selectivo estatal rumbo a la Paralimpiada Nacional 2026"},"content":{"rendered":"<p><em><strong><img loading=\"lazy\" decoding=\"async\" class=\" wp-image-228978 alignright\" src=\"https:\/\/www.buroperiodistico.com.mx\/wp-content\/uploads\/2026\/09\/IDEx.jpg\" alt=\"\" width=\"429\" height=\"232\" srcset=\"https:\/\/www.buroperiodistico.com.mx\/wp-content\/uploads\/2026\/09\/IDEx.jpg 1110w, https:\/\/www.buroperiodistico.com.mx\/wp-content\/uploads\/2026\/09\/IDEx-300x162.jpg 300w, https:\/\/www.buroperiodistico.com.mx\/wp-content\/uploads\/2026\/09\/IDEx-1024x554.jpg 1024w, https:\/\/www.buroperiodistico.com.mx\/wp-content\/uploads\/2026\/09\/IDEx-768x415.jpg 768w\" sizes=\"auto, (max-width: 429px) 100vw, 429px\" \/>Reynosa, Tamaulipas (2-Septiembre-2026).-<\/strong><\/em> Del viernes 4 al domingo 6 de septiembre se llevar\u00e1n a cabo los selectivos estatales de Para tenis de mesa, Para nataci\u00f3n y Para powerlifting, con miras a conformar la representaci\u00f3n de Tamaulipas rumbo a la Paralimpiada Nacional 2026.<\/p>\n<p>Las competencias tendr\u00e1n como sede el Polideportivo de Reynosa, recinto que concentrar\u00e1 las actividades de las tres disciplinas durante este fin de semana.<\/p>\n<p>El evento contar\u00e1 con el respaldo del Instituto del Deporte de Tamaulipas (INDE), que dirige Manuel Viru\u00e9s Lozano, como parte del proceso estatal rumbo a la justa nacional.<\/p>\n<p>En total, m\u00e1s de 60 atletas y entrenadores formar\u00e1n parte de esta jornada deportiva, correspondiente al proceso selectivo estatal de estos deportes.<\/p>\n<p>Los resultados obtenidos durante estos tres d\u00edas ser\u00e1n considerados para definir a los deportistas que buscar\u00e1n representar a Tamaulipas en la Paralimpiada Nacional 2026.<\/p>\n","protected":false},"excerpt":{"rendered":"<p>Reynosa, Tamaulipas (2-Septiembre-2026).- Del viernes 4 al domingo 6 de septiembre se llevar\u00e1n a cabo&#8230;<\/p>\n","protected":false},"author":1,"featured_media":228978,"comment_status":"closed","ping_status":"closed","sticky":false,"template":"","format":"standard","meta":{"footnotes":"","jetpack_publicize_message":"","jetpack_publicize_feature_enabled":true,"jetpack_social_post_already_shared":true,"jetpack_social_options":{"image_generator_settings":{"template":"highway","default_image_id":0,"font":"","enabled":false},"version":2}},"categories":[12,10],"tags":[],"class_list":["post-228977","post","type-post","status-publish","format-standard","has-post-thumbnail","hentry","category-deportes","category-tamaulipas"],"jetpack_publicize_connections":[],"_links":{"self":[{"href":"https:\/\/www.buroperiodistico.com.mx\/index.php?rest_route=\/wp\/v2\/posts\/228977","targetHints":{"allow":["GET"]}}],"collection":[{"href":"https:\/\/www.buroperiodistico.com.mx\/index.php?rest_route=\/wp\/v2\/posts"}],"about":[{"href":"https:\/\/www.buroperiodistico.com.mx\/index.php?rest_route=\/wp\/v2\/types\/post"}],"author":[{"embeddable":true,"href":"https:\/\/www.buroperiodistico.com.mx\/index.php?rest_route=\/wp\/v2\/users\/1"}],"replies":[{"embeddable":true,"href":"https:\/\/www.buroperiodistico.com.mx\/index.php?rest_route=%2Fwp%2Fv2%2Fcomments&post=228977"}],"version-history":[{"count":1,"href":"https:\/\/www.buroperiodistico.com.mx\/index.php?rest_route=\/wp\/v2\/posts\/228977\/revisions"}],"predecessor-version":[{"id":228979,"href":"https:\/\/www.buroperiodistico.com.mx\/index.php?rest_route=\/wp\/v2\/posts\/228977\/revisions\/228979"}],"wp:featuredmedia":[{"embeddable":true,"href":"https:\/\/www.buroperiodistico.com.mx\/index.php?rest_route=\/wp\/v2\/media\/228978"}],"wp:attachment":[{"href":"https:\/\/www.buroperiodistico.com.mx\/index.php?rest_route=%2Fwp%2Fv2%2Fmedia&parent=228977"}],"wp:term":[{"taxonomy":"category","embeddable":true,"href":"https:\/\/www.buroperiodistico.com.mx\/index.php?rest_route=%2Fwp%2Fv2%2Fcategories&post=228977"},{"taxonomy":"post_tag","embeddable":true,"href":"https:\/\/www.buroperiodistico.com.mx\/index.php?rest_route=%2Fwp%2Fv2%2Ftags&post=228977"}],"curies":[{"name":"wp","href":"https:\/\/api.w.org\/{rel}","templated":true}]}}