{"id":228974,"date":"2026-09-02T16:07:50","date_gmt":"2026-09-02T21:07:50","guid":{"rendered":"https:\/\/www.buroperiodistico.com.mx\/?p=228974"},"modified":"2026-09-02T16:07:50","modified_gmt":"2026-09-02T21:07:50","slug":"invita-gobierno-municipal-a-reportar-chatarra-y-vehiculos-abandonados-en-la-via-publica","status":"publish","type":"post","link":"https:\/\/www.buroperiodistico.com.mx\/?p=228974","title":{"rendered":"Invita Gobierno Municipal a reportar chatarra y veh\u00edculos abandonados en la v\u00eda p\u00fablica"},"content":{"rendered":"<p><em><strong><img loading=\"lazy\" decoding=\"async\" class=\" wp-image-228975 alignright\" src=\"https:\/\/www.buroperiodistico.com.mx\/wp-content\/uploads\/2026\/09\/Chatarrax.jpg\" alt=\"\" width=\"484\" height=\"265\" srcset=\"https:\/\/www.buroperiodistico.com.mx\/wp-content\/uploads\/2026\/09\/Chatarrax.jpg 1024w, https:\/\/www.buroperiodistico.com.mx\/wp-content\/uploads\/2026\/09\/Chatarrax-300x164.jpg 300w, https:\/\/www.buroperiodistico.com.mx\/wp-content\/uploads\/2026\/09\/Chatarrax-768x421.jpg 768w\" sizes=\"auto, (max-width: 484px) 100vw, 484px\" \/>Reynosa, Tam.-<\/strong><\/em> El Gobierno Municipal de Reynosa, que preside Carlos Pe\u00f1a Ortiz, contin\u00faa con el retiro de veh\u00edculos en desuso o abandonados en la v\u00eda p\u00fablica, as\u00ed como de chatarra, objetos y materiales que obstruyan calles y banquetas, contribuyendo a prevenir riesgos, reducir focos de contaminaci\u00f3n y mejorar la imagen urbana.<\/p>\n<p>Se invita a la poblaci\u00f3n a sumarse a estas acciones reportando cualquier cosa que obstruya la v\u00eda p\u00fablica, con la finalidad de recuperar los destinos caminos, banquetas y calles, destinados para la circulaci\u00f3n peatonal y vehicular.<\/p>\n<p>Si detectas un veh\u00edculo abandonado u otro tipo de obst\u00e1culo que altere tu paso o el de los dem\u00e1s, rep\u00f3rtalo al tel\u00e9fono 8999182813 y contribuye a tener una ciudad con mejor movilidad y mayor seguridad sanitaria.<\/p>\n<p>#ReynosaImparable<br \/>\n#GobiernoMunicipalDeReynosa<\/p>\n","protected":false},"excerpt":{"rendered":"<p>Reynosa, Tam.- El Gobierno Municipal de Reynosa, que preside Carlos Pe\u00f1a Ortiz, contin\u00faa con el&#8230;<\/p>\n","protected":false},"author":1,"featured_media":228975,"comment_status":"closed","ping_status":"closed","sticky":false,"template":"","format":"standard","meta":{"footnotes":"","jetpack_publicize_message":"","jetpack_publicize_feature_enabled":true,"jetpack_social_post_already_shared":true,"jetpack_social_options":{"image_generator_settings":{"template":"highway","default_image_id":0,"font":"","enabled":false},"version":2}},"categories":[9],"tags":[],"class_list":["post-228974","post","type-post","status-publish","format-standard","has-post-thumbnail","hentry","category-reynosa"],"jetpack_publicize_connections":[],"_links":{"self":[{"href":"https:\/\/www.buroperiodistico.com.mx\/index.php?rest_route=\/wp\/v2\/posts\/228974","targetHints":{"allow":["GET"]}}],"collection":[{"href":"https:\/\/www.buroperiodistico.com.mx\/index.php?rest_route=\/wp\/v2\/posts"}],"about":[{"href":"https:\/\/www.buroperiodistico.com.mx\/index.php?rest_route=\/wp\/v2\/types\/post"}],"author":[{"embeddable":true,"href":"https:\/\/www.buroperiodistico.com.mx\/index.php?rest_route=\/wp\/v2\/users\/1"}],"replies":[{"embeddable":true,"href":"https:\/\/www.buroperiodistico.com.mx\/index.php?rest_route=%2Fwp%2Fv2%2Fcomments&post=228974"}],"version-history":[{"count":1,"href":"https:\/\/www.buroperiodistico.com.mx\/index.php?rest_route=\/wp\/v2\/posts\/228974\/revisions"}],"predecessor-version":[{"id":228976,"href":"https:\/\/www.buroperiodistico.com.mx\/index.php?rest_route=\/wp\/v2\/posts\/228974\/revisions\/228976"}],"wp:featuredmedia":[{"embeddable":true,"href":"https:\/\/www.buroperiodistico.com.mx\/index.php?rest_route=\/wp\/v2\/media\/228975"}],"wp:attachment":[{"href":"https:\/\/www.buroperiodistico.com.mx\/index.php?rest_route=%2Fwp%2Fv2%2Fmedia&parent=228974"}],"wp:term":[{"taxonomy":"category","embeddable":true,"href":"https:\/\/www.buroperiodistico.com.mx\/index.php?rest_route=%2Fwp%2Fv2%2Fcategories&post=228974"},{"taxonomy":"post_tag","embeddable":true,"href":"https:\/\/www.buroperiodistico.com.mx\/index.php?rest_route=%2Fwp%2Fv2%2Ftags&post=228974"}],"curies":[{"name":"wp","href":"https:\/\/api.w.org\/{rel}","templated":true}]}}