{"id":228968,"date":"2026-09-02T14:39:57","date_gmt":"2026-09-02T19:39:57","guid":{"rendered":"https:\/\/www.buroperiodistico.com.mx\/?p=228968"},"modified":"2026-09-02T14:39:57","modified_gmt":"2026-09-02T19:39:57","slug":"llevo-gobierno-de-carlos-pena-ortiz-atencion-veterinaria-al-refugio-huellitas-de-camila","status":"publish","type":"post","link":"https:\/\/www.buroperiodistico.com.mx\/?p=228968","title":{"rendered":"Llev\u00f3 Gobierno de Carlos Pe\u00f1a Ortiz atenci\u00f3n veterinaria al Refugio Huellitas de Camila"},"content":{"rendered":"<p><em><strong><img loading=\"lazy\" decoding=\"async\" class=\" wp-image-228971 alignright\" src=\"https:\/\/www.buroperiodistico.com.mx\/wp-content\/uploads\/2026\/09\/Perrux.jpg\" alt=\"\" width=\"480\" height=\"319\" srcset=\"https:\/\/www.buroperiodistico.com.mx\/wp-content\/uploads\/2026\/09\/Perrux.jpg 1024w, https:\/\/www.buroperiodistico.com.mx\/wp-content\/uploads\/2026\/09\/Perrux-300x200.jpg 300w, https:\/\/www.buroperiodistico.com.mx\/wp-content\/uploads\/2026\/09\/Perrux-768x511.jpg 768w\" sizes=\"auto, (max-width: 480px) 100vw, 480px\" \/>Reynosa, Tam (2-Septiembre-2026).-<\/strong><\/em> El Alcalde Carlos Pe\u00f1a Ortiz llev\u00f3 la Brigada M\u00e9dica Patitas Seguras en tu Refugio al Refugio Huellitas de Camila, donde se brind\u00f3 atenci\u00f3n veterinaria a los animales que reciben cuidado y protecci\u00f3n en este espacio.<\/p>\n<p>Durante la jornada se realizaron vacunaciones y desparasitaciones, acercando servicios preventivos que contribuyeron al cuidado de la salud de los animales y a mejores condiciones para su bienestar.<\/p>\n<p>Con estas acciones, el Gobierno Municipal de Reynosa mantuvo su compromiso de acercar atenci\u00f3n veterinaria a los refugios y promover una cultura de cuidado responsable hacia los animales.<\/p>\n<p>#ReynosaImparable<br \/>\n#GobiernoMunicipalDeReynosa<\/p>\n<p><img loading=\"lazy\" decoding=\"async\" class=\"aligncenter size-full wp-image-228969\" src=\"https:\/\/www.buroperiodistico.com.mx\/wp-content\/uploads\/2026\/09\/Perrux-I.jpg\" alt=\"\" width=\"640\" height=\"480\" srcset=\"https:\/\/www.buroperiodistico.com.mx\/wp-content\/uploads\/2026\/09\/Perrux-I.jpg 640w, https:\/\/www.buroperiodistico.com.mx\/wp-content\/uploads\/2026\/09\/Perrux-I-300x225.jpg 300w\" sizes=\"auto, (max-width: 640px) 100vw, 640px\" \/> <img loading=\"lazy\" decoding=\"async\" class=\"aligncenter size-full wp-image-228970\" src=\"https:\/\/www.buroperiodistico.com.mx\/wp-content\/uploads\/2026\/09\/Perrux-II.jpg\" alt=\"\" width=\"640\" height=\"480\" srcset=\"https:\/\/www.buroperiodistico.com.mx\/wp-content\/uploads\/2026\/09\/Perrux-II.jpg 640w, https:\/\/www.buroperiodistico.com.mx\/wp-content\/uploads\/2026\/09\/Perrux-II-300x225.jpg 300w\" sizes=\"auto, (max-width: 640px) 100vw, 640px\" \/><\/p>\n","protected":false},"excerpt":{"rendered":"<p>Reynosa, Tam (2-Septiembre-2026).- El Alcalde Carlos Pe\u00f1a Ortiz llev\u00f3 la Brigada M\u00e9dica Patitas Seguras en&#8230;<\/p>\n","protected":false},"author":1,"featured_media":228971,"comment_status":"closed","ping_status":"closed","sticky":false,"template":"","format":"standard","meta":{"footnotes":"","jetpack_publicize_message":"","jetpack_publicize_feature_enabled":true,"jetpack_social_post_already_shared":true,"jetpack_social_options":{"image_generator_settings":{"template":"highway","default_image_id":0,"font":"","enabled":false},"version":2}},"categories":[9],"tags":[],"class_list":["post-228968","post","type-post","status-publish","format-standard","has-post-thumbnail","hentry","category-reynosa"],"jetpack_publicize_connections":[],"_links":{"self":[{"href":"https:\/\/www.buroperiodistico.com.mx\/index.php?rest_route=\/wp\/v2\/posts\/228968","targetHints":{"allow":["GET"]}}],"collection":[{"href":"https:\/\/www.buroperiodistico.com.mx\/index.php?rest_route=\/wp\/v2\/posts"}],"about":[{"href":"https:\/\/www.buroperiodistico.com.mx\/index.php?rest_route=\/wp\/v2\/types\/post"}],"author":[{"embeddable":true,"href":"https:\/\/www.buroperiodistico.com.mx\/index.php?rest_route=\/wp\/v2\/users\/1"}],"replies":[{"embeddable":true,"href":"https:\/\/www.buroperiodistico.com.mx\/index.php?rest_route=%2Fwp%2Fv2%2Fcomments&post=228968"}],"version-history":[{"count":1,"href":"https:\/\/www.buroperiodistico.com.mx\/index.php?rest_route=\/wp\/v2\/posts\/228968\/revisions"}],"predecessor-version":[{"id":228972,"href":"https:\/\/www.buroperiodistico.com.mx\/index.php?rest_route=\/wp\/v2\/posts\/228968\/revisions\/228972"}],"wp:featuredmedia":[{"embeddable":true,"href":"https:\/\/www.buroperiodistico.com.mx\/index.php?rest_route=\/wp\/v2\/media\/228971"}],"wp:attachment":[{"href":"https:\/\/www.buroperiodistico.com.mx\/index.php?rest_route=%2Fwp%2Fv2%2Fmedia&parent=228968"}],"wp:term":[{"taxonomy":"category","embeddable":true,"href":"https:\/\/www.buroperiodistico.com.mx\/index.php?rest_route=%2Fwp%2Fv2%2Fcategories&post=228968"},{"taxonomy":"post_tag","embeddable":true,"href":"https:\/\/www.buroperiodistico.com.mx\/index.php?rest_route=%2Fwp%2Fv2%2Ftags&post=228968"}],"curies":[{"name":"wp","href":"https:\/\/api.w.org\/{rel}","templated":true}]}}