{"id":228953,"date":"2026-09-02T14:18:24","date_gmt":"2026-09-02T19:18:24","guid":{"rendered":"https:\/\/www.buroperiodistico.com.mx\/?p=228953"},"modified":"2026-09-02T14:18:24","modified_gmt":"2026-09-02T19:18:24","slug":"gobierno-de-tamaulipas-y-sedena-promueven-espacios-verdes-y-sustentables-en-el-mante","status":"publish","type":"post","link":"https:\/\/www.buroperiodistico.com.mx\/?p=228953","title":{"rendered":"Gobierno de Tamaulipas y SEDENA promueven espacios verdes y sustentables en El Mante"},"content":{"rendered":"<p><em><strong><img loading=\"lazy\" decoding=\"async\" class=\" wp-image-228956 alignright\" src=\"https:\/\/www.buroperiodistico.com.mx\/wp-content\/uploads\/2026\/09\/SRUsustentables.jpeg\" alt=\"\" width=\"454\" height=\"296\" srcset=\"https:\/\/www.buroperiodistico.com.mx\/wp-content\/uploads\/2026\/09\/SRUsustentables.jpeg 1024w, https:\/\/www.buroperiodistico.com.mx\/wp-content\/uploads\/2026\/09\/SRUsustentables-300x195.jpeg 300w, https:\/\/www.buroperiodistico.com.mx\/wp-content\/uploads\/2026\/09\/SRUsustentables-768x500.jpeg 768w\" sizes=\"auto, (max-width: 454px) 100vw, 454px\" \/>El Mante, Tamaulipas (2-Septiembre-2026).-<\/strong><\/em> La Secretar\u00eda de Desarrollo Rural, Pesca y Acuacultura, en coordinaci\u00f3n con la Secretar\u00eda de la Defensa Nacional (SEDENA), llev\u00f3 a cabo una jornada de donaci\u00f3n y plantaci\u00f3n de \u00e1rboles en las instalaciones del Cuartel M\u00f3vil del Campo Militar No. 48-B \u201cGral. Brig. Carlos Osuna\u201d, ubicado en el municipio de El Mante, lo anterior con el prop\u00f3sito de incrementar las \u00e1reas verdes, mejorar el paisaje urbano y contribuir a la regulaci\u00f3n del clima regional.<\/p>\n<p>La jornada representa un esfuerzo conjunto entre instituciones para fortalecer las acciones de conservaci\u00f3n y recuperaci\u00f3n de espacios verdes, mediante la incorporaci\u00f3n de especies adaptadas a las condiciones ambientales de la regi\u00f3n.<\/p>\n<p>La bienvenida estuvo a cargo del Mayor Berrelleza Acosta, en representaci\u00f3n del Cuartel M\u00f3vil, quien destac\u00f3 la disposici\u00f3n de las Fuerzas Armadas para colaborar activamente con el Gobierno de Tamaulipas en iniciativas orientadas a promover la sustentabilidad, la protecci\u00f3n del medio ambiente y el cuidado responsable de los recursos naturales.<\/p>\n<p>En representaci\u00f3n del Gobierno de Tamaulipas, la directora de Fomento Forestal, Celene Ram\u00edrez Garc\u00eda, encabez\u00f3 la jornada y supervis\u00f3 las labores de plantaci\u00f3n de ejemplares de especies nativas y adaptadas a la regi\u00f3n, entre las que destacan el palo de rosa, la parota, la lluvia de oro, el almendro y la pata de vaca.<\/p>\n<p>Durante la actividad, la titular de Fomento Forestal resalt\u00f3 la importancia de utilizar flora nativa en los programas de reforestaci\u00f3n, debido a que estas especies presentan mejores condiciones de adaptaci\u00f3n al clima local y mayor resistencia ante periodos de sequ\u00eda.<\/p>\n<p>Asimismo, explic\u00f3 que la incorporaci\u00f3n de \u00e1rboles de la regi\u00f3n contribuye a favorecer la biodiversidad al proporcionar alimento y refugio para diversas especies de fauna, incluidos polinizadores como aves y abejas, adem\u00e1s de requerir menores vol\u00famenes de agua para su establecimiento y mantenimiento.<\/p>\n<p>Con este tipo de acciones interinstitucionales, el secretario de Desarrollo Rural, Pesca y Acuacultura, Antonio Varela Flores, reafirma su compromiso de impulsar una reforestaci\u00f3n estrat\u00e9gica y sustentable en los distintos sectores de la entidad, fortaleciendo la recuperaci\u00f3n de \u00e1reas verdes y promoviendo una cultura de protecci\u00f3n y conservaci\u00f3n del medio ambiente.<\/p>\n<p>Por su parte, Antonio Varela Flores se\u00f1al\u00f3 que la suma de esfuerzos entre el Gobierno de Tamaulipas y la SEDENA contribuye a generar espacios m\u00e1s arbolados y resilientes, en beneficio de las comunidades y de las futuras generaciones de tamaulipecos.<\/p>\n<p><img loading=\"lazy\" decoding=\"async\" class=\"aligncenter size-full wp-image-228954\" src=\"https:\/\/www.buroperiodistico.com.mx\/wp-content\/uploads\/2026\/09\/SRUsustentables-I.jpeg\" alt=\"\" width=\"640\" height=\"480\" srcset=\"https:\/\/www.buroperiodistico.com.mx\/wp-content\/uploads\/2026\/09\/SRUsustentables-I.jpeg 640w, https:\/\/www.buroperiodistico.com.mx\/wp-content\/uploads\/2026\/09\/SRUsustentables-I-300x225.jpeg 300w\" sizes=\"auto, (max-width: 640px) 100vw, 640px\" \/> <img loading=\"lazy\" decoding=\"async\" class=\"aligncenter size-full wp-image-228955\" src=\"https:\/\/www.buroperiodistico.com.mx\/wp-content\/uploads\/2026\/09\/SRUsustentables-II.jpeg\" alt=\"\" width=\"640\" height=\"480\" srcset=\"https:\/\/www.buroperiodistico.com.mx\/wp-content\/uploads\/2026\/09\/SRUsustentables-II.jpeg 640w, https:\/\/www.buroperiodistico.com.mx\/wp-content\/uploads\/2026\/09\/SRUsustentables-II-300x225.jpeg 300w\" sizes=\"auto, (max-width: 640px) 100vw, 640px\" \/><\/p>\n","protected":false},"excerpt":{"rendered":"<p>El Mante, Tamaulipas (2-Septiembre-2026).- La Secretar\u00eda de Desarrollo Rural, Pesca y Acuacultura, en coordinaci\u00f3n con&#8230;<\/p>\n","protected":false},"author":1,"featured_media":228956,"comment_status":"closed","ping_status":"closed","sticky":false,"template":"","format":"standard","meta":{"footnotes":"","jetpack_publicize_message":"","jetpack_publicize_feature_enabled":true,"jetpack_social_post_already_shared":true,"jetpack_social_options":{"image_generator_settings":{"template":"highway","default_image_id":0,"font":"","enabled":false},"version":2}},"categories":[10],"tags":[],"class_list":["post-228953","post","type-post","status-publish","format-standard","has-post-thumbnail","hentry","category-tamaulipas"],"jetpack_publicize_connections":[],"_links":{"self":[{"href":"https:\/\/www.buroperiodistico.com.mx\/index.php?rest_route=\/wp\/v2\/posts\/228953","targetHints":{"allow":["GET"]}}],"collection":[{"href":"https:\/\/www.buroperiodistico.com.mx\/index.php?rest_route=\/wp\/v2\/posts"}],"about":[{"href":"https:\/\/www.buroperiodistico.com.mx\/index.php?rest_route=\/wp\/v2\/types\/post"}],"author":[{"embeddable":true,"href":"https:\/\/www.buroperiodistico.com.mx\/index.php?rest_route=\/wp\/v2\/users\/1"}],"replies":[{"embeddable":true,"href":"https:\/\/www.buroperiodistico.com.mx\/index.php?rest_route=%2Fwp%2Fv2%2Fcomments&post=228953"}],"version-history":[{"count":1,"href":"https:\/\/www.buroperiodistico.com.mx\/index.php?rest_route=\/wp\/v2\/posts\/228953\/revisions"}],"predecessor-version":[{"id":228957,"href":"https:\/\/www.buroperiodistico.com.mx\/index.php?rest_route=\/wp\/v2\/posts\/228953\/revisions\/228957"}],"wp:featuredmedia":[{"embeddable":true,"href":"https:\/\/www.buroperiodistico.com.mx\/index.php?rest_route=\/wp\/v2\/media\/228956"}],"wp:attachment":[{"href":"https:\/\/www.buroperiodistico.com.mx\/index.php?rest_route=%2Fwp%2Fv2%2Fmedia&parent=228953"}],"wp:term":[{"taxonomy":"category","embeddable":true,"href":"https:\/\/www.buroperiodistico.com.mx\/index.php?rest_route=%2Fwp%2Fv2%2Fcategories&post=228953"},{"taxonomy":"post_tag","embeddable":true,"href":"https:\/\/www.buroperiodistico.com.mx\/index.php?rest_route=%2Fwp%2Fv2%2Ftags&post=228953"}],"curies":[{"name":"wp","href":"https:\/\/api.w.org\/{rel}","templated":true}]}}