{"id":228947,"date":"2026-09-02T14:09:39","date_gmt":"2026-09-02T19:09:39","guid":{"rendered":"https:\/\/www.buroperiodistico.com.mx\/?p=228947"},"modified":"2026-09-02T14:09:39","modified_gmt":"2026-09-02T19:09:39","slug":"fortalece-set-cobertura-educativa-con-nombramientos-de-cambios-de-de-centro-de-trabajo","status":"publish","type":"post","link":"https:\/\/www.buroperiodistico.com.mx\/?p=228947","title":{"rendered":"Fortalece SET cobertura educativa con nombramientos de cambios de de centro de trabajo"},"content":{"rendered":"<p><em><strong><img loading=\"lazy\" decoding=\"async\" class=\" wp-image-228951 alignright\" src=\"https:\/\/www.buroperiodistico.com.mx\/wp-content\/uploads\/2026\/09\/SETtrabajo.jpeg\" alt=\"\" width=\"498\" height=\"320\" srcset=\"https:\/\/www.buroperiodistico.com.mx\/wp-content\/uploads\/2026\/09\/SETtrabajo.jpeg 1024w, https:\/\/www.buroperiodistico.com.mx\/wp-content\/uploads\/2026\/09\/SETtrabajo-300x193.jpeg 300w, https:\/\/www.buroperiodistico.com.mx\/wp-content\/uploads\/2026\/09\/SETtrabajo-768x494.jpeg 768w\" sizes=\"auto, (max-width: 498px) 100vw, 498px\" \/>Ciudad Victoria, Tamaulipas (2-Septiembre-2026).-<\/strong><\/em> Para reconocer la labor de las y los trabajadores de la educaci\u00f3n y garantizarles certeza laboral, la Secretar\u00eda de Educaci\u00f3n de Tamaulipas (SET) entreg\u00f3 467 nombramientos correspondientes a cambios de centro de trabajo del ciclo escolar 2026-2027.<\/p>\n<p>El secretario de Educaci\u00f3n, Miguel \u00c1ngel Valdez Garc\u00eda, acompa\u00f1ado por el profesor Arnulfo Rodr\u00edguez Trevi\u00f1o, dirigente de la Secci\u00f3n 30 del Sindicato Nacional de Trabajadores de la Educaci\u00f3n (SNTE), entreg\u00f3 los nombramientos para personal de apoyo y asistencia a la educaci\u00f3n, docentes y personal con funciones directivas y de supervisi\u00f3n.<\/p>\n<p>Valdez Garc\u00eda felicit\u00f3 a quienes obtuvieron estos nombramientos y subray\u00f3 que la movilidad laboral es el resultado del trabajo conjunto entre la SET, la estructura educativa y la representaci\u00f3n sindical, una colaboraci\u00f3n que brinda certeza y garantiza que los planteles educativos dispongan del personal que requieren para ofrecer una educaci\u00f3n de calidad.<\/p>\n<p>Agradeci\u00f3 de manera especial al profesor Rodr\u00edguez Trevi\u00f1o por hacer equipo en beneficio del gremio magisterial y enfatiz\u00f3 que el sistema educativo estatal se fortalece bajo la visi\u00f3n del gobernador Am\u00e9rico Villarreal Anaya, al reconocer los derechos del personal, mejorar sus condiciones laborales y brindar condiciones adecuadas para el proceso de ense\u00f1anza-aprendizaje en las aulas.<\/p>\n<p>En la ceremonia de nombramiento de cambio de centro de trabajo de las y los trabajadores del sector educativo, se entregaron 26 en el nivel de educaci\u00f3n f\u00edsica, 46 en educaci\u00f3n especial, 2 en el nivel inicial, 111 en preescolar, 196 en primaria, 16 en secundaria general, 26 en secundaria t\u00e9cnica y 44 en telesecundaria, lo que da un total de 467 nombramientos otorgados.<\/p>\n<p><img loading=\"lazy\" decoding=\"async\" class=\"aligncenter size-full wp-image-228948\" src=\"https:\/\/www.buroperiodistico.com.mx\/wp-content\/uploads\/2026\/09\/SETtrabajo-I.jpeg\" alt=\"\" width=\"640\" height=\"426\" srcset=\"https:\/\/www.buroperiodistico.com.mx\/wp-content\/uploads\/2026\/09\/SETtrabajo-I.jpeg 640w, https:\/\/www.buroperiodistico.com.mx\/wp-content\/uploads\/2026\/09\/SETtrabajo-I-300x200.jpeg 300w\" sizes=\"auto, (max-width: 640px) 100vw, 640px\" \/> <img loading=\"lazy\" decoding=\"async\" class=\"aligncenter size-full wp-image-228950\" src=\"https:\/\/www.buroperiodistico.com.mx\/wp-content\/uploads\/2026\/09\/SETtrabajo-III.jpeg\" alt=\"\" width=\"640\" height=\"295\" srcset=\"https:\/\/www.buroperiodistico.com.mx\/wp-content\/uploads\/2026\/09\/SETtrabajo-III.jpeg 640w, https:\/\/www.buroperiodistico.com.mx\/wp-content\/uploads\/2026\/09\/SETtrabajo-III-300x138.jpeg 300w\" sizes=\"auto, (max-width: 640px) 100vw, 640px\" \/> <img loading=\"lazy\" decoding=\"async\" class=\"aligncenter size-full wp-image-228949\" src=\"https:\/\/www.buroperiodistico.com.mx\/wp-content\/uploads\/2026\/09\/SETtrabajo-II.jpeg\" alt=\"\" width=\"640\" height=\"426\" srcset=\"https:\/\/www.buroperiodistico.com.mx\/wp-content\/uploads\/2026\/09\/SETtrabajo-II.jpeg 640w, https:\/\/www.buroperiodistico.com.mx\/wp-content\/uploads\/2026\/09\/SETtrabajo-II-300x200.jpeg 300w\" sizes=\"auto, (max-width: 640px) 100vw, 640px\" \/><\/p>\n","protected":false},"excerpt":{"rendered":"<p>Ciudad Victoria, Tamaulipas (2-Septiembre-2026).- Para reconocer la labor de las y los trabajadores de la&#8230;<\/p>\n","protected":false},"author":1,"featured_media":228951,"comment_status":"closed","ping_status":"closed","sticky":false,"template":"","format":"standard","meta":{"footnotes":"","jetpack_publicize_message":"","jetpack_publicize_feature_enabled":true,"jetpack_social_post_already_shared":true,"jetpack_social_options":{"image_generator_settings":{"template":"highway","default_image_id":0,"font":"","enabled":false},"version":2}},"categories":[10],"tags":[],"class_list":["post-228947","post","type-post","status-publish","format-standard","has-post-thumbnail","hentry","category-tamaulipas"],"jetpack_publicize_connections":[],"_links":{"self":[{"href":"https:\/\/www.buroperiodistico.com.mx\/index.php?rest_route=\/wp\/v2\/posts\/228947","targetHints":{"allow":["GET"]}}],"collection":[{"href":"https:\/\/www.buroperiodistico.com.mx\/index.php?rest_route=\/wp\/v2\/posts"}],"about":[{"href":"https:\/\/www.buroperiodistico.com.mx\/index.php?rest_route=\/wp\/v2\/types\/post"}],"author":[{"embeddable":true,"href":"https:\/\/www.buroperiodistico.com.mx\/index.php?rest_route=\/wp\/v2\/users\/1"}],"replies":[{"embeddable":true,"href":"https:\/\/www.buroperiodistico.com.mx\/index.php?rest_route=%2Fwp%2Fv2%2Fcomments&post=228947"}],"version-history":[{"count":1,"href":"https:\/\/www.buroperiodistico.com.mx\/index.php?rest_route=\/wp\/v2\/posts\/228947\/revisions"}],"predecessor-version":[{"id":228952,"href":"https:\/\/www.buroperiodistico.com.mx\/index.php?rest_route=\/wp\/v2\/posts\/228947\/revisions\/228952"}],"wp:featuredmedia":[{"embeddable":true,"href":"https:\/\/www.buroperiodistico.com.mx\/index.php?rest_route=\/wp\/v2\/media\/228951"}],"wp:attachment":[{"href":"https:\/\/www.buroperiodistico.com.mx\/index.php?rest_route=%2Fwp%2Fv2%2Fmedia&parent=228947"}],"wp:term":[{"taxonomy":"category","embeddable":true,"href":"https:\/\/www.buroperiodistico.com.mx\/index.php?rest_route=%2Fwp%2Fv2%2Fcategories&post=228947"},{"taxonomy":"post_tag","embeddable":true,"href":"https:\/\/www.buroperiodistico.com.mx\/index.php?rest_route=%2Fwp%2Fv2%2Ftags&post=228947"}],"curies":[{"name":"wp","href":"https:\/\/api.w.org\/{rel}","templated":true}]}}