{"id":228897,"date":"2026-09-02T11:49:21","date_gmt":"2026-09-02T16:49:21","guid":{"rendered":"https:\/\/www.buroperiodistico.com.mx\/?p=228897"},"modified":"2026-09-02T11:49:21","modified_gmt":"2026-09-02T16:49:21","slug":"%f0%9f%93%9a-donde-antes-habia-abandono-hoy-hay-oportunidades","status":"publish","type":"post","link":"https:\/\/www.buroperiodistico.com.mx\/?p=228897","title":{"rendered":"\ud83d\udcda Donde antes hab\u00eda abandono, hoy hay oportunidades"},"content":{"rendered":"<p><em><strong><img loading=\"lazy\" decoding=\"async\" class=\" wp-image-228898 alignright\" src=\"https:\/\/www.buroperiodistico.com.mx\/wp-content\/uploads\/2026\/09\/Nldx-1.jpg\" alt=\"\" width=\"524\" height=\"283\" srcset=\"https:\/\/www.buroperiodistico.com.mx\/wp-content\/uploads\/2026\/09\/Nldx-1.jpg 1110w, https:\/\/www.buroperiodistico.com.mx\/wp-content\/uploads\/2026\/09\/Nldx-1-300x162.jpg 300w, https:\/\/www.buroperiodistico.com.mx\/wp-content\/uploads\/2026\/09\/Nldx-1-1024x554.jpg 1024w, https:\/\/www.buroperiodistico.com.mx\/wp-content\/uploads\/2026\/09\/Nldx-1-768x415.jpg 768w\" sizes=\"auto, (max-width: 524px) 100vw, 524px\" \/>NUEVO LAREDO (2-Septiembre-2026).-<\/strong><\/em> Durante a\u00f1os, este espacio fue un basurero clandestino. Hoy, gracias a una decisi\u00f3n que transform\u00f3 el lugar, ah\u00ed est\u00e1 la Infoteca Sor Juana In\u00e9s de la Cruz.<\/p>\n<p>Un espacio para leer, estudiar, investigar, desarrollar proyectos y acceder a la tecnolog\u00eda.<\/p>\n<p>Porque transformar una ciudad tambi\u00e9n significa crear lugares que impulsen los sue\u00f1os de su gente.<\/p>\n<div style=\"width: 640px;\" class=\"wp-video\"><video class=\"wp-video-shortcode\" id=\"video-228897-1\" width=\"640\" height=\"360\" preload=\"metadata\" controls=\"controls\"><source type=\"video\/mp4\" src=\"https:\/\/www.buroperiodistico.com.mx\/wp-content\/uploads\/2026\/09\/WhatsApp-Video-2026-09-02-at-11.29.12-AM.mp4?_=1\" \/><a href=\"https:\/\/www.buroperiodistico.com.mx\/wp-content\/uploads\/2026\/09\/WhatsApp-Video-2026-09-02-at-11.29.12-AM.mp4\">https:\/\/www.buroperiodistico.com.mx\/wp-content\/uploads\/2026\/09\/WhatsApp-Video-2026-09-02-at-11.29.12-AM.mp4<\/a><\/video><\/div>\n","protected":false},"excerpt":{"rendered":"<p>NUEVO LAREDO (2-Septiembre-2026).- Durante a\u00f1os, este espacio fue un basurero clandestino. Hoy, gracias a una&#8230;<\/p>\n","protected":false},"author":1,"featured_media":228898,"comment_status":"closed","ping_status":"closed","sticky":false,"template":"","format":"standard","meta":{"footnotes":"","jetpack_publicize_message":"","jetpack_publicize_feature_enabled":true,"jetpack_social_post_already_shared":true,"jetpack_social_options":{"image_generator_settings":{"template":"highway","default_image_id":0,"font":"","enabled":false},"version":2}},"categories":[16,25],"tags":[],"class_list":["post-228897","post","type-post","status-publish","format-standard","has-post-thumbnail","hentry","category-nuevolaredo","category-portada"],"jetpack_publicize_connections":[],"_links":{"self":[{"href":"https:\/\/www.buroperiodistico.com.mx\/index.php?rest_route=\/wp\/v2\/posts\/228897","targetHints":{"allow":["GET"]}}],"collection":[{"href":"https:\/\/www.buroperiodistico.com.mx\/index.php?rest_route=\/wp\/v2\/posts"}],"about":[{"href":"https:\/\/www.buroperiodistico.com.mx\/index.php?rest_route=\/wp\/v2\/types\/post"}],"author":[{"embeddable":true,"href":"https:\/\/www.buroperiodistico.com.mx\/index.php?rest_route=\/wp\/v2\/users\/1"}],"replies":[{"embeddable":true,"href":"https:\/\/www.buroperiodistico.com.mx\/index.php?rest_route=%2Fwp%2Fv2%2Fcomments&post=228897"}],"version-history":[{"count":1,"href":"https:\/\/www.buroperiodistico.com.mx\/index.php?rest_route=\/wp\/v2\/posts\/228897\/revisions"}],"predecessor-version":[{"id":228900,"href":"https:\/\/www.buroperiodistico.com.mx\/index.php?rest_route=\/wp\/v2\/posts\/228897\/revisions\/228900"}],"wp:featuredmedia":[{"embeddable":true,"href":"https:\/\/www.buroperiodistico.com.mx\/index.php?rest_route=\/wp\/v2\/media\/228898"}],"wp:attachment":[{"href":"https:\/\/www.buroperiodistico.com.mx\/index.php?rest_route=%2Fwp%2Fv2%2Fmedia&parent=228897"}],"wp:term":[{"taxonomy":"category","embeddable":true,"href":"https:\/\/www.buroperiodistico.com.mx\/index.php?rest_route=%2Fwp%2Fv2%2Fcategories&post=228897"},{"taxonomy":"post_tag","embeddable":true,"href":"https:\/\/www.buroperiodistico.com.mx\/index.php?rest_route=%2Fwp%2Fv2%2Ftags&post=228897"}],"curies":[{"name":"wp","href":"https:\/\/api.w.org\/{rel}","templated":true}]}}