{"id":228893,"date":"2026-09-02T11:45:57","date_gmt":"2026-09-02T16:45:57","guid":{"rendered":"https:\/\/www.buroperiodistico.com.mx\/?p=228893"},"modified":"2026-09-02T11:45:57","modified_gmt":"2026-09-02T16:45:57","slug":"imparte-gobierno-de-carlos-pena-ortiz-platica-de-salud-preventiva-a-alumnos-del-irca","status":"publish","type":"post","link":"https:\/\/www.buroperiodistico.com.mx\/?p=228893","title":{"rendered":"Imparte Gobierno de Carlos Pe\u00f1a Ortiz pl\u00e1tica de salud preventiva a alumnos del IRCA"},"content":{"rendered":"<p><em><strong><img loading=\"lazy\" decoding=\"async\" class=\" wp-image-228895 alignright\" src=\"https:\/\/www.buroperiodistico.com.mx\/wp-content\/uploads\/2026\/09\/IRCAx-1.jpg\" alt=\"\" width=\"482\" height=\"268\" srcset=\"https:\/\/www.buroperiodistico.com.mx\/wp-content\/uploads\/2026\/09\/IRCAx-1.jpg 1024w, https:\/\/www.buroperiodistico.com.mx\/wp-content\/uploads\/2026\/09\/IRCAx-1-300x167.jpg 300w, https:\/\/www.buroperiodistico.com.mx\/wp-content\/uploads\/2026\/09\/IRCAx-1-768x427.jpg 768w\" sizes=\"auto, (max-width: 482px) 100vw, 482px\" \/>Reynosa, Tam (2-Septiembre-2026).-<\/strong><\/em> Atendiendo instrucciones del Alcalde Carlos Pe\u00f1a Ortiz, el Instituto Reynosense para la Cultura y las Artes, IRCA, ofreci\u00f3 la pl\u00e1tica \u00abDiabetes: Estrategias Preventivas en el Primer Nivel de Atenci\u00f3n\u00bb a alumnos del Taller de Verano \u00ab50 A\u00f1os y m\u00e1s\u00bb, a cargo de personal del Sistema DIF Reynosa.<\/p>\n<p>Expertos en el tema abordaron los mecanismos de diagn\u00f3stico, clasificaci\u00f3n, manejo y tratamiento de la diabetes, quienes enfatizaron que la prevenci\u00f3n es la medida principal para contener la enfermedad.<\/p>\n<p>Recomendaron adem\u00e1s realizar detecci\u00f3n temprana de riesgo, uso adecuado de medicamentos, adopci\u00f3n de alimentaci\u00f3n saludable y pr\u00e1ctica regular de actividad f\u00edsica.<\/p>\n<p>#ReynosaImparable #Reynosa #Tamaulipas<\/p>\n<p><img loading=\"lazy\" decoding=\"async\" class=\"aligncenter size-full wp-image-228894\" src=\"https:\/\/www.buroperiodistico.com.mx\/wp-content\/uploads\/2026\/09\/IRCAx-I-1.jpg\" alt=\"\" width=\"640\" height=\"427\" srcset=\"https:\/\/www.buroperiodistico.com.mx\/wp-content\/uploads\/2026\/09\/IRCAx-I-1.jpg 640w, https:\/\/www.buroperiodistico.com.mx\/wp-content\/uploads\/2026\/09\/IRCAx-I-1-300x200.jpg 300w\" sizes=\"auto, (max-width: 640px) 100vw, 640px\" \/><\/p>\n","protected":false},"excerpt":{"rendered":"<p>Reynosa, Tam (2-Septiembre-2026).- Atendiendo instrucciones del Alcalde Carlos Pe\u00f1a Ortiz, el Instituto Reynosense para la&#8230;<\/p>\n","protected":false},"author":1,"featured_media":228895,"comment_status":"closed","ping_status":"closed","sticky":false,"template":"","format":"standard","meta":{"footnotes":"","jetpack_publicize_message":"","jetpack_publicize_feature_enabled":true,"jetpack_social_post_already_shared":true,"jetpack_social_options":{"image_generator_settings":{"template":"highway","default_image_id":0,"font":"","enabled":false},"version":2}},"categories":[9],"tags":[],"class_list":["post-228893","post","type-post","status-publish","format-standard","has-post-thumbnail","hentry","category-reynosa"],"jetpack_publicize_connections":[],"_links":{"self":[{"href":"https:\/\/www.buroperiodistico.com.mx\/index.php?rest_route=\/wp\/v2\/posts\/228893","targetHints":{"allow":["GET"]}}],"collection":[{"href":"https:\/\/www.buroperiodistico.com.mx\/index.php?rest_route=\/wp\/v2\/posts"}],"about":[{"href":"https:\/\/www.buroperiodistico.com.mx\/index.php?rest_route=\/wp\/v2\/types\/post"}],"author":[{"embeddable":true,"href":"https:\/\/www.buroperiodistico.com.mx\/index.php?rest_route=\/wp\/v2\/users\/1"}],"replies":[{"embeddable":true,"href":"https:\/\/www.buroperiodistico.com.mx\/index.php?rest_route=%2Fwp%2Fv2%2Fcomments&post=228893"}],"version-history":[{"count":1,"href":"https:\/\/www.buroperiodistico.com.mx\/index.php?rest_route=\/wp\/v2\/posts\/228893\/revisions"}],"predecessor-version":[{"id":228896,"href":"https:\/\/www.buroperiodistico.com.mx\/index.php?rest_route=\/wp\/v2\/posts\/228893\/revisions\/228896"}],"wp:featuredmedia":[{"embeddable":true,"href":"https:\/\/www.buroperiodistico.com.mx\/index.php?rest_route=\/wp\/v2\/media\/228895"}],"wp:attachment":[{"href":"https:\/\/www.buroperiodistico.com.mx\/index.php?rest_route=%2Fwp%2Fv2%2Fmedia&parent=228893"}],"wp:term":[{"taxonomy":"category","embeddable":true,"href":"https:\/\/www.buroperiodistico.com.mx\/index.php?rest_route=%2Fwp%2Fv2%2Fcategories&post=228893"},{"taxonomy":"post_tag","embeddable":true,"href":"https:\/\/www.buroperiodistico.com.mx\/index.php?rest_route=%2Fwp%2Fv2%2Ftags&post=228893"}],"curies":[{"name":"wp","href":"https:\/\/api.w.org\/{rel}","templated":true}]}}