{"id":228890,"date":"2026-09-02T11:39:36","date_gmt":"2026-09-02T16:39:36","guid":{"rendered":"https:\/\/www.buroperiodistico.com.mx\/?p=228890"},"modified":"2026-09-02T11:39:36","modified_gmt":"2026-09-02T16:39:36","slug":"la-prevencion-comienza-con-la-participacion-ciudadana","status":"publish","type":"post","link":"https:\/\/www.buroperiodistico.com.mx\/?p=228890","title":{"rendered":"La prevenci\u00f3n comienza con la participaci\u00f3n ciudadana"},"content":{"rendered":"<p><em><strong>Reynosa, Tam (2-Septiembre-2026).-<\/strong><\/em> Con el objetivo de instaurar y ampliar la cultura de la autoprotecci\u00f3n y la prevenci\u00f3n entre la poblaci\u00f3n, el Gobierno Municipal de Reynosa que preside Carlos Pe\u00f1a Ortiz contin\u00faa impulsando acciones que acercan la capacitaci\u00f3n y la organizaci\u00f3n comunitaria a las colonias de la ciudad.<\/p>\n<p>A trav\u00e9s de la Coordinaci\u00f3n de Protecci\u00f3n Civil y Bomberos se lleva a cabo la instalaci\u00f3n del Comit\u00e9 de Protecci\u00f3n Civil del programa H\u00e9roes de la Prevenci\u00f3n que ha logrado una gran participaci\u00f3n de la poblaci\u00f3n.<\/p>\n<p>Esta pol\u00edtica de seguridad ciudadana se realiza en cumplimiento del Reglamento de Protecci\u00f3n Civil y de los lineamientos del Sistema Nacional de Protecci\u00f3n Civil, por lo que tiene una meta sustentada en la instrucci\u00f3n de autoprotecci\u00f3n hacia las familias de Reynosa.<\/p>\n<p>#ReynosaImparable<br \/>\n#GobiernoMunicipalDeReynosa<\/p>\n<p><img loading=\"lazy\" decoding=\"async\" class=\"aligncenter  wp-image-228891\" src=\"https:\/\/www.buroperiodistico.com.mx\/wp-content\/uploads\/2026\/09\/Heroex.jpg\" alt=\"\" width=\"807\" height=\"436\" srcset=\"https:\/\/www.buroperiodistico.com.mx\/wp-content\/uploads\/2026\/09\/Heroex.jpg 1110w, https:\/\/www.buroperiodistico.com.mx\/wp-content\/uploads\/2026\/09\/Heroex-300x162.jpg 300w, https:\/\/www.buroperiodistico.com.mx\/wp-content\/uploads\/2026\/09\/Heroex-1024x554.jpg 1024w, https:\/\/www.buroperiodistico.com.mx\/wp-content\/uploads\/2026\/09\/Heroex-768x415.jpg 768w\" sizes=\"auto, (max-width: 807px) 100vw, 807px\" \/><\/p>\n","protected":false},"excerpt":{"rendered":"<p>Reynosa, Tam (2-Septiembre-2026).- Con el objetivo de instaurar y ampliar la cultura de la autoprotecci\u00f3n&#8230;<\/p>\n","protected":false},"author":1,"featured_media":228891,"comment_status":"closed","ping_status":"closed","sticky":false,"template":"","format":"standard","meta":{"footnotes":"","jetpack_publicize_message":"","jetpack_publicize_feature_enabled":true,"jetpack_social_post_already_shared":true,"jetpack_social_options":{"image_generator_settings":{"template":"highway","default_image_id":0,"font":"","enabled":false},"version":2}},"categories":[9],"tags":[],"class_list":["post-228890","post","type-post","status-publish","format-standard","has-post-thumbnail","hentry","category-reynosa"],"jetpack_publicize_connections":[],"_links":{"self":[{"href":"https:\/\/www.buroperiodistico.com.mx\/index.php?rest_route=\/wp\/v2\/posts\/228890","targetHints":{"allow":["GET"]}}],"collection":[{"href":"https:\/\/www.buroperiodistico.com.mx\/index.php?rest_route=\/wp\/v2\/posts"}],"about":[{"href":"https:\/\/www.buroperiodistico.com.mx\/index.php?rest_route=\/wp\/v2\/types\/post"}],"author":[{"embeddable":true,"href":"https:\/\/www.buroperiodistico.com.mx\/index.php?rest_route=\/wp\/v2\/users\/1"}],"replies":[{"embeddable":true,"href":"https:\/\/www.buroperiodistico.com.mx\/index.php?rest_route=%2Fwp%2Fv2%2Fcomments&post=228890"}],"version-history":[{"count":1,"href":"https:\/\/www.buroperiodistico.com.mx\/index.php?rest_route=\/wp\/v2\/posts\/228890\/revisions"}],"predecessor-version":[{"id":228892,"href":"https:\/\/www.buroperiodistico.com.mx\/index.php?rest_route=\/wp\/v2\/posts\/228890\/revisions\/228892"}],"wp:featuredmedia":[{"embeddable":true,"href":"https:\/\/www.buroperiodistico.com.mx\/index.php?rest_route=\/wp\/v2\/media\/228891"}],"wp:attachment":[{"href":"https:\/\/www.buroperiodistico.com.mx\/index.php?rest_route=%2Fwp%2Fv2%2Fmedia&parent=228890"}],"wp:term":[{"taxonomy":"category","embeddable":true,"href":"https:\/\/www.buroperiodistico.com.mx\/index.php?rest_route=%2Fwp%2Fv2%2Fcategories&post=228890"},{"taxonomy":"post_tag","embeddable":true,"href":"https:\/\/www.buroperiodistico.com.mx\/index.php?rest_route=%2Fwp%2Fv2%2Ftags&post=228890"}],"curies":[{"name":"wp","href":"https:\/\/api.w.org\/{rel}","templated":true}]}}