{"id":228864,"date":"2026-09-02T09:30:38","date_gmt":"2026-09-02T14:30:38","guid":{"rendered":"https:\/\/www.buroperiodistico.com.mx\/?p=228864"},"modified":"2026-09-02T00:13:09","modified_gmt":"2026-09-02T05:13:09","slug":"respalda-olga-sosa-resultados-de-la-presidenta-claudia-sheinbaum","status":"publish","type":"post","link":"https:\/\/www.buroperiodistico.com.mx\/?p=228864","title":{"rendered":"Respalda Olga Sosa resultados de la presidenta Claudia Sheinbaum"},"content":{"rendered":"<ul>\n<li><em><strong>Bajo el liderazgo de la presidenta se consolida el segundo piso de la transformaci\u00f3n en M\u00e9xico y en Tamaulipas, asegur\u00f3 la legisladora<\/strong><\/em><\/li>\n<\/ul>\n<p><em><strong><img loading=\"lazy\" decoding=\"async\" class=\" wp-image-228869 alignright\" src=\"https:\/\/www.buroperiodistico.com.mx\/wp-content\/uploads\/2026\/09\/Olgax.jpg\" alt=\"\" width=\"532\" height=\"347\" srcset=\"https:\/\/www.buroperiodistico.com.mx\/wp-content\/uploads\/2026\/09\/Olgax.jpg 1024w, https:\/\/www.buroperiodistico.com.mx\/wp-content\/uploads\/2026\/09\/Olgax-300x196.jpg 300w, https:\/\/www.buroperiodistico.com.mx\/wp-content\/uploads\/2026\/09\/Olgax-768x501.jpg 768w\" sizes=\"auto, (max-width: 532px) 100vw, 532px\" \/>Ciudad de M\u00e9xico (2-Septiembre-2026).-<\/strong><\/em> La senadora por Tamaulipas, Olga Sosa Ru\u00edz, expres\u00f3 su respaldo absoluto a la presidenta Claudia Sheinbaum Pardo y reconoci\u00f3 los resultados presentados en el Segundo Informe de Gobierno al pueblo de M\u00e9xico.<\/p>\n<p>\u201cBajo el liderazgo de la presidenta Claudia Sheinbaum se consolida el segundo piso de la cuarta transformaci\u00f3n, caminando con el pueblo y gobernando con cercan\u00eda y con el coraz\u00f3n\u201d, expres\u00f3 la presidenta de la Comisi\u00f3n de Agricultura en el Senado de la Rep\u00fablica.<\/p>\n<p>La presidenta Sheinbaum se\u00f1al\u00f3 que los programas para el Bienestar, al cierre de este 2026, llegar\u00e1n a 42 millones 860 mil 296 derechohabientes, con una inversi\u00f3n hist\u00f3rica de un bill\u00f3n de pesos destinados directamente al bienestar de la gente.<\/p>\n<p>Adem\u00e1s, dijo que la Transformaci\u00f3n se vive en las aulas: todos los estudiantes de primaria y preparatoria est\u00e1n becados y van por m\u00e1s en la educaci\u00f3n superior. Con La Escuela es Nuestra en 2026, m\u00e1s de 73 mil planteles de educaci\u00f3n b\u00e1sica y media superior recibieron recursos y se ha basificado a 200 mil maestras y maestros en el pa\u00eds.<\/p>\n<p>Destac\u00f3 que la estrategia nacional de Seguridad en dos a\u00f1os ha logrado una reducci\u00f3n hist\u00f3rica del 51 por ciento, lo que equivale a 44 homicidios menos cada d\u00eda. En lo que va del 2026 los delitos de alto impacto bajaron 54 por ciento respecto al 2018 y con atenci\u00f3n a las causas se realizaron 665 Ferias de Paz, se brindaron m\u00e1s de un mill\u00f3n de atenciones.<\/p>\n<p>En materia de salud, la presidenta puntualiz\u00f3 que solo en dos a\u00f1os se concluyeron y entraron en operaci\u00f3n 33 nuevos hospitales del IMSS, ISSSTE y el IMSS Bienestar, as\u00ed como 11 unidades de medicina familiar, 36 centros de salud y consultorios; se habilitaron 650 quir\u00f3fanos modernos y en el sexenio se construir\u00e1n 152 unidades nuevas que aportar\u00e1n 9 mil camas m\u00e1s.<\/p>\n<p>Con el programa Salud Casa por Casa, con 20 mil profesionales de la salud, se han realizado 23 millones de visitas; se cre\u00f3 el Servicio Universal de Salud y de septiembre a diciembre de este a\u00f1o se implementar\u00e1n m\u00e1s de 12 mil consultorios en los 24 estados federalizados.<\/p>\n<p>La Senadora Olga Sosa destac\u00f3 que estas y todas las acciones contenidas en el Segundo Informe de Gobierno son el resultado del trabajo honesto y decidido de la presidenta Claudia Sheinbaum, a quien reiter\u00f3 su respaldo desde el Senado de la Rep\u00fablica para seguir consolidando el proyecto de naci\u00f3n de la Cuarta Transformaci\u00f3n.<\/p>\n<p><img loading=\"lazy\" decoding=\"async\" class=\"aligncenter size-full wp-image-228866\" src=\"https:\/\/www.buroperiodistico.com.mx\/wp-content\/uploads\/2026\/09\/Olgax-I.jpg\" alt=\"\" width=\"640\" height=\"418\" srcset=\"https:\/\/www.buroperiodistico.com.mx\/wp-content\/uploads\/2026\/09\/Olgax-I.jpg 640w, https:\/\/www.buroperiodistico.com.mx\/wp-content\/uploads\/2026\/09\/Olgax-I-300x196.jpg 300w\" sizes=\"auto, (max-width: 640px) 100vw, 640px\" \/> <img loading=\"lazy\" decoding=\"async\" class=\"aligncenter size-full wp-image-228868\" src=\"https:\/\/www.buroperiodistico.com.mx\/wp-content\/uploads\/2026\/09\/Olgax-III.jpg\" alt=\"\" width=\"640\" height=\"427\" srcset=\"https:\/\/www.buroperiodistico.com.mx\/wp-content\/uploads\/2026\/09\/Olgax-III.jpg 640w, https:\/\/www.buroperiodistico.com.mx\/wp-content\/uploads\/2026\/09\/Olgax-III-300x200.jpg 300w\" sizes=\"auto, (max-width: 640px) 100vw, 640px\" \/> <img loading=\"lazy\" decoding=\"async\" class=\"aligncenter size-full wp-image-228867\" src=\"https:\/\/www.buroperiodistico.com.mx\/wp-content\/uploads\/2026\/09\/Olgax-II.jpg\" alt=\"\" width=\"640\" height=\"427\" srcset=\"https:\/\/www.buroperiodistico.com.mx\/wp-content\/uploads\/2026\/09\/Olgax-II.jpg 640w, https:\/\/www.buroperiodistico.com.mx\/wp-content\/uploads\/2026\/09\/Olgax-II-300x200.jpg 300w\" sizes=\"auto, (max-width: 640px) 100vw, 640px\" \/><\/p>\n","protected":false},"excerpt":{"rendered":"<p>Bajo el liderazgo de la presidenta se consolida el segundo piso de la transformaci\u00f3n en&#8230;<\/p>\n","protected":false},"author":1,"featured_media":228869,"comment_status":"closed","ping_status":"closed","sticky":false,"template":"","format":"standard","meta":{"footnotes":"","jetpack_publicize_message":"","jetpack_publicize_feature_enabled":true,"jetpack_social_post_already_shared":true,"jetpack_social_options":{"image_generator_settings":{"template":"highway","default_image_id":0,"font":"","enabled":false},"version":2}},"categories":[11],"tags":[],"class_list":["post-228864","post","type-post","status-publish","format-standard","has-post-thumbnail","hentry","category-nacional"],"jetpack_publicize_connections":[],"_links":{"self":[{"href":"https:\/\/www.buroperiodistico.com.mx\/index.php?rest_route=\/wp\/v2\/posts\/228864","targetHints":{"allow":["GET"]}}],"collection":[{"href":"https:\/\/www.buroperiodistico.com.mx\/index.php?rest_route=\/wp\/v2\/posts"}],"about":[{"href":"https:\/\/www.buroperiodistico.com.mx\/index.php?rest_route=\/wp\/v2\/types\/post"}],"author":[{"embeddable":true,"href":"https:\/\/www.buroperiodistico.com.mx\/index.php?rest_route=\/wp\/v2\/users\/1"}],"replies":[{"embeddable":true,"href":"https:\/\/www.buroperiodistico.com.mx\/index.php?rest_route=%2Fwp%2Fv2%2Fcomments&post=228864"}],"version-history":[{"count":2,"href":"https:\/\/www.buroperiodistico.com.mx\/index.php?rest_route=\/wp\/v2\/posts\/228864\/revisions"}],"predecessor-version":[{"id":228870,"href":"https:\/\/www.buroperiodistico.com.mx\/index.php?rest_route=\/wp\/v2\/posts\/228864\/revisions\/228870"}],"wp:featuredmedia":[{"embeddable":true,"href":"https:\/\/www.buroperiodistico.com.mx\/index.php?rest_route=\/wp\/v2\/media\/228869"}],"wp:attachment":[{"href":"https:\/\/www.buroperiodistico.com.mx\/index.php?rest_route=%2Fwp%2Fv2%2Fmedia&parent=228864"}],"wp:term":[{"taxonomy":"category","embeddable":true,"href":"https:\/\/www.buroperiodistico.com.mx\/index.php?rest_route=%2Fwp%2Fv2%2Fcategories&post=228864"},{"taxonomy":"post_tag","embeddable":true,"href":"https:\/\/www.buroperiodistico.com.mx\/index.php?rest_route=%2Fwp%2Fv2%2Ftags&post=228864"}],"curies":[{"name":"wp","href":"https:\/\/api.w.org\/{rel}","templated":true}]}}