{"id":228846,"date":"2026-09-01T22:09:33","date_gmt":"2026-09-02T03:09:33","guid":{"rendered":"https:\/\/www.buroperiodistico.com.mx\/?p=228846"},"modified":"2026-09-01T22:09:33","modified_gmt":"2026-09-02T03:09:33","slug":"familias-de-tamaulipas-cuentan-con-mayores-facilidades-para-dar-certeza-juridica-a-su-patrimonio","status":"publish","type":"post","link":"https:\/\/www.buroperiodistico.com.mx\/?p=228846","title":{"rendered":"Familias de Tamaulipas cuentan con mayores facilidades para dar certeza jur\u00eddica a su patrimonio"},"content":{"rendered":"<p><img loading=\"lazy\" decoding=\"async\" class=\" wp-image-228849 alignright\" src=\"https:\/\/www.buroperiodistico.com.mx\/wp-content\/uploads\/2026\/09\/Propiex.jpg\" alt=\"\" width=\"523\" height=\"357\" srcset=\"https:\/\/www.buroperiodistico.com.mx\/wp-content\/uploads\/2026\/09\/Propiex.jpg 1024w, https:\/\/www.buroperiodistico.com.mx\/wp-content\/uploads\/2026\/09\/Propiex-300x205.jpg 300w, https:\/\/www.buroperiodistico.com.mx\/wp-content\/uploads\/2026\/09\/Propiex-768x524.jpg 768w\" sizes=\"auto, (max-width: 523px) 100vw, 523px\" \/>Gracias a las acciones impulsadas por nuestro Gobernador, Dr. Am\u00e9rico Villarreal, hoy las familias de Tamaulipas cuentan con mayores facilidades para dar certeza jur\u00eddica a su patrimonio<\/p>\n<p>Uno de estos importantes avances es la posibilidad de que las y los propietarios de veh\u00edculos nacionalizados por decreto puedan realizar el cambio de propietario, facilitando sus tr\u00e1mites y brind\u00e1ndoles mayor tranquilidad.<\/p>\n<p>Este resultado es posible gracias al trabajo y compromiso de la Secretar\u00eda de Finanzas, encabezada por el Lic. Carlos Ir\u00e1n Ram\u00edrez Gonz\u00e1lez, y de las Oficinas Fiscales del Estado, que trabajamos de manera coordinada para ofrecer una atenci\u00f3n m\u00e1s cercana, \u00e1gil y eficiente a las y los tamaulipecos.<\/p>\n<p>La Oficina Fiscal de Tula registr\u00f3 el primer cambio de propietario de un veh\u00edculo regularizado por decreto en Tamaulipas, dando inicio a una nueva etapa que beneficia directamente a las familias.<\/p>\n<p>Porque detr\u00e1s de cada veh\u00edculo hay una familia, a\u00f1os de esfuerzo y un patrimonio que merece certeza.<\/p>\n<p>Seguimos trabajando bajo el liderazgo de nuestro Gobernador Am\u00e9rico Villarreal Anaya, haciendo realidad un Gobierno m\u00e1s cercano, humano y al servicio de nuestra gente.<\/p>\n<p>\ud83d\udccd Acude a tu Oficina Fiscal m\u00e1s cercana para conocer los requisitos y realizar este importante tr\u00e1mite.<\/p>\n<p>\u00a1Seguimos avanzando por el bienestar y la tranquilidad de las familias de Tamaulipas!<\/p>\n<p><img loading=\"lazy\" decoding=\"async\" class=\"aligncenter size-full wp-image-228847\" src=\"https:\/\/www.buroperiodistico.com.mx\/wp-content\/uploads\/2026\/09\/Propiex-I.jpg\" alt=\"\" width=\"640\" height=\"480\" srcset=\"https:\/\/www.buroperiodistico.com.mx\/wp-content\/uploads\/2026\/09\/Propiex-I.jpg 640w, https:\/\/www.buroperiodistico.com.mx\/wp-content\/uploads\/2026\/09\/Propiex-I-300x225.jpg 300w\" sizes=\"auto, (max-width: 640px) 100vw, 640px\" \/> <img loading=\"lazy\" decoding=\"async\" class=\"aligncenter size-full wp-image-228848\" src=\"https:\/\/www.buroperiodistico.com.mx\/wp-content\/uploads\/2026\/09\/Propiex-II.jpg\" alt=\"\" width=\"480\" height=\"581\" srcset=\"https:\/\/www.buroperiodistico.com.mx\/wp-content\/uploads\/2026\/09\/Propiex-II.jpg 480w, https:\/\/www.buroperiodistico.com.mx\/wp-content\/uploads\/2026\/09\/Propiex-II-248x300.jpg 248w\" sizes=\"auto, (max-width: 480px) 100vw, 480px\" \/><\/p>\n","protected":false},"excerpt":{"rendered":"<p>Gracias a las acciones impulsadas por nuestro Gobernador, Dr. Am\u00e9rico Villarreal, hoy las familias de&#8230;<\/p>\n","protected":false},"author":1,"featured_media":228849,"comment_status":"closed","ping_status":"closed","sticky":false,"template":"","format":"standard","meta":{"footnotes":"","jetpack_publicize_message":"","jetpack_publicize_feature_enabled":true,"jetpack_social_post_already_shared":true,"jetpack_social_options":{"image_generator_settings":{"template":"highway","default_image_id":0,"font":"","enabled":false},"version":2}},"categories":[10],"tags":[],"class_list":["post-228846","post","type-post","status-publish","format-standard","has-post-thumbnail","hentry","category-tamaulipas"],"jetpack_publicize_connections":[],"_links":{"self":[{"href":"https:\/\/www.buroperiodistico.com.mx\/index.php?rest_route=\/wp\/v2\/posts\/228846","targetHints":{"allow":["GET"]}}],"collection":[{"href":"https:\/\/www.buroperiodistico.com.mx\/index.php?rest_route=\/wp\/v2\/posts"}],"about":[{"href":"https:\/\/www.buroperiodistico.com.mx\/index.php?rest_route=\/wp\/v2\/types\/post"}],"author":[{"embeddable":true,"href":"https:\/\/www.buroperiodistico.com.mx\/index.php?rest_route=\/wp\/v2\/users\/1"}],"replies":[{"embeddable":true,"href":"https:\/\/www.buroperiodistico.com.mx\/index.php?rest_route=%2Fwp%2Fv2%2Fcomments&post=228846"}],"version-history":[{"count":1,"href":"https:\/\/www.buroperiodistico.com.mx\/index.php?rest_route=\/wp\/v2\/posts\/228846\/revisions"}],"predecessor-version":[{"id":228850,"href":"https:\/\/www.buroperiodistico.com.mx\/index.php?rest_route=\/wp\/v2\/posts\/228846\/revisions\/228850"}],"wp:featuredmedia":[{"embeddable":true,"href":"https:\/\/www.buroperiodistico.com.mx\/index.php?rest_route=\/wp\/v2\/media\/228849"}],"wp:attachment":[{"href":"https:\/\/www.buroperiodistico.com.mx\/index.php?rest_route=%2Fwp%2Fv2%2Fmedia&parent=228846"}],"wp:term":[{"taxonomy":"category","embeddable":true,"href":"https:\/\/www.buroperiodistico.com.mx\/index.php?rest_route=%2Fwp%2Fv2%2Fcategories&post=228846"},{"taxonomy":"post_tag","embeddable":true,"href":"https:\/\/www.buroperiodistico.com.mx\/index.php?rest_route=%2Fwp%2Fv2%2Ftags&post=228846"}],"curies":[{"name":"wp","href":"https:\/\/api.w.org\/{rel}","templated":true}]}}