{"id":228829,"date":"2026-09-01T20:52:41","date_gmt":"2026-09-02T01:52:41","guid":{"rendered":"https:\/\/www.buroperiodistico.com.mx\/?p=228829"},"modified":"2026-09-01T20:52:41","modified_gmt":"2026-09-02T01:52:41","slug":"inauguro-carlos-pena-ortiz-pavimentacion-hidraulica-de-calle-industriales-en-lomas-del-villar","status":"publish","type":"post","link":"https:\/\/www.buroperiodistico.com.mx\/?p=228829","title":{"rendered":"Inaugur\u00f3 Carlos Pe\u00f1a Ortiz pavimentaci\u00f3n hidr\u00e1ulica de calle Industriales en Lomas del Villar"},"content":{"rendered":"<p><em><strong><img loading=\"lazy\" decoding=\"async\" class=\" wp-image-228836 alignright\" src=\"https:\/\/www.buroperiodistico.com.mx\/wp-content\/uploads\/2026\/09\/Inaux.jpg\" alt=\"\" width=\"589\" height=\"362\" srcset=\"https:\/\/www.buroperiodistico.com.mx\/wp-content\/uploads\/2026\/09\/Inaux.jpg 1024w, https:\/\/www.buroperiodistico.com.mx\/wp-content\/uploads\/2026\/09\/Inaux-300x184.jpg 300w, https:\/\/www.buroperiodistico.com.mx\/wp-content\/uploads\/2026\/09\/Inaux-768x472.jpg 768w\" sizes=\"auto, (max-width: 589px) 100vw, 589px\" \/>Reynosa, Tam (1-Septiembre-2026).-<\/strong><\/em> El Presidente Municipal de Reynosa, Carlos Pe\u00f1a Ortiz, inaugur\u00f3 la pavimentaci\u00f3n hidr\u00e1ulica de la calle Industriales, entre bulevar Pedro Villar Apodaca y calle Sonia Mart\u00ednez de Villarreal, en la colonia Lomas del Villar, beneficiando a m\u00e1s de mil habitantes del sector.<\/p>\n<p>Durante su mensaje, acompa\u00f1ado por el Director de Construcci\u00f3n Municipal, Rogelio Avenda\u00f1o Garc\u00eda, el Alcalde expres\u00f3: \u00abagradezco a la se\u00f1ora Rebeca Ruth Ram\u00edrez por estar muy al tanto de la construcci\u00f3n de esta calle, al Comit\u00e9 de Obras que supervis\u00f3 que se hiciera con los procedimientos correctos\u00bb.<\/p>\n<p>Destac\u00f3 que este tipo de infraestructura es prioritaria para la zona: \u00abno es la primera vez que venimos aqu\u00ed, hemos venido varias veces a inaugurar varias calles, pero tambi\u00e9n cuando hay inundaciones.\u00bbAgradezco a todos los que pagaron el predial, Lomas del Villar es una de las colonias que m\u00e1s paga\u00bb.<\/p>\n<p>En el evento estuvieron presentes, Hugo Felipe Ch\u00e1vez Herrera, Secretario de Bienestar Social Municipal; Gabriela Rosas Blanco, Directora del DIF Reynosa y Jos\u00e9 Guadalupe Cant\u00fa Viera, Gerente T\u00e9cnico Operativo de COMAPA de Reynosa.<\/p>\n<p>#ReynosaImparable<br \/>\n#GobiernoMunicipalDeReynosa<\/p>\n<p><img loading=\"lazy\" decoding=\"async\" class=\"aligncenter size-full wp-image-228830\" src=\"https:\/\/www.buroperiodistico.com.mx\/wp-content\/uploads\/2026\/09\/Inaux-I.jpg\" alt=\"\" width=\"640\" height=\"427\" srcset=\"https:\/\/www.buroperiodistico.com.mx\/wp-content\/uploads\/2026\/09\/Inaux-I.jpg 640w, https:\/\/www.buroperiodistico.com.mx\/wp-content\/uploads\/2026\/09\/Inaux-I-300x200.jpg 300w\" sizes=\"auto, (max-width: 640px) 100vw, 640px\" \/> <img loading=\"lazy\" decoding=\"async\" class=\"aligncenter size-full wp-image-228835\" src=\"https:\/\/www.buroperiodistico.com.mx\/wp-content\/uploads\/2026\/09\/Inaux-IIIIII.jpg\" alt=\"\" width=\"640\" height=\"427\" srcset=\"https:\/\/www.buroperiodistico.com.mx\/wp-content\/uploads\/2026\/09\/Inaux-IIIIII.jpg 640w, https:\/\/www.buroperiodistico.com.mx\/wp-content\/uploads\/2026\/09\/Inaux-IIIIII-300x200.jpg 300w\" sizes=\"auto, (max-width: 640px) 100vw, 640px\" \/> <img loading=\"lazy\" decoding=\"async\" class=\"aligncenter size-full wp-image-228834\" src=\"https:\/\/www.buroperiodistico.com.mx\/wp-content\/uploads\/2026\/09\/Inaux-IIIII.jpg\" alt=\"\" width=\"640\" height=\"427\" srcset=\"https:\/\/www.buroperiodistico.com.mx\/wp-content\/uploads\/2026\/09\/Inaux-IIIII.jpg 640w, https:\/\/www.buroperiodistico.com.mx\/wp-content\/uploads\/2026\/09\/Inaux-IIIII-300x200.jpg 300w\" sizes=\"auto, (max-width: 640px) 100vw, 640px\" \/> <img loading=\"lazy\" decoding=\"async\" class=\"aligncenter size-full wp-image-228833\" src=\"https:\/\/www.buroperiodistico.com.mx\/wp-content\/uploads\/2026\/09\/Inaux-IIII.jpg\" alt=\"\" width=\"640\" height=\"427\" srcset=\"https:\/\/www.buroperiodistico.com.mx\/wp-content\/uploads\/2026\/09\/Inaux-IIII.jpg 640w, https:\/\/www.buroperiodistico.com.mx\/wp-content\/uploads\/2026\/09\/Inaux-IIII-300x200.jpg 300w\" sizes=\"auto, (max-width: 640px) 100vw, 640px\" \/> <img loading=\"lazy\" decoding=\"async\" class=\"aligncenter size-full wp-image-228832\" src=\"https:\/\/www.buroperiodistico.com.mx\/wp-content\/uploads\/2026\/09\/Inaux-III.jpg\" alt=\"\" width=\"640\" height=\"427\" srcset=\"https:\/\/www.buroperiodistico.com.mx\/wp-content\/uploads\/2026\/09\/Inaux-III.jpg 640w, https:\/\/www.buroperiodistico.com.mx\/wp-content\/uploads\/2026\/09\/Inaux-III-300x200.jpg 300w\" sizes=\"auto, (max-width: 640px) 100vw, 640px\" \/> <img loading=\"lazy\" decoding=\"async\" class=\"aligncenter size-full wp-image-228831\" src=\"https:\/\/www.buroperiodistico.com.mx\/wp-content\/uploads\/2026\/09\/Inaux-II.jpg\" alt=\"\" width=\"640\" height=\"427\" srcset=\"https:\/\/www.buroperiodistico.com.mx\/wp-content\/uploads\/2026\/09\/Inaux-II.jpg 640w, https:\/\/www.buroperiodistico.com.mx\/wp-content\/uploads\/2026\/09\/Inaux-II-300x200.jpg 300w\" sizes=\"auto, (max-width: 640px) 100vw, 640px\" \/><\/p>\n","protected":false},"excerpt":{"rendered":"<p>Reynosa, Tam (1-Septiembre-2026).- El Presidente Municipal de Reynosa, Carlos Pe\u00f1a Ortiz, inaugur\u00f3 la pavimentaci\u00f3n hidr\u00e1ulica&#8230;<\/p>\n","protected":false},"author":1,"featured_media":228836,"comment_status":"closed","ping_status":"closed","sticky":false,"template":"","format":"standard","meta":{"footnotes":"","jetpack_publicize_message":"","jetpack_publicize_feature_enabled":true,"jetpack_social_post_already_shared":true,"jetpack_social_options":{"image_generator_settings":{"template":"highway","default_image_id":0,"font":"","enabled":false},"version":2}},"categories":[25,9],"tags":[],"class_list":["post-228829","post","type-post","status-publish","format-standard","has-post-thumbnail","hentry","category-portada","category-reynosa"],"jetpack_publicize_connections":[],"_links":{"self":[{"href":"https:\/\/www.buroperiodistico.com.mx\/index.php?rest_route=\/wp\/v2\/posts\/228829","targetHints":{"allow":["GET"]}}],"collection":[{"href":"https:\/\/www.buroperiodistico.com.mx\/index.php?rest_route=\/wp\/v2\/posts"}],"about":[{"href":"https:\/\/www.buroperiodistico.com.mx\/index.php?rest_route=\/wp\/v2\/types\/post"}],"author":[{"embeddable":true,"href":"https:\/\/www.buroperiodistico.com.mx\/index.php?rest_route=\/wp\/v2\/users\/1"}],"replies":[{"embeddable":true,"href":"https:\/\/www.buroperiodistico.com.mx\/index.php?rest_route=%2Fwp%2Fv2%2Fcomments&post=228829"}],"version-history":[{"count":1,"href":"https:\/\/www.buroperiodistico.com.mx\/index.php?rest_route=\/wp\/v2\/posts\/228829\/revisions"}],"predecessor-version":[{"id":228837,"href":"https:\/\/www.buroperiodistico.com.mx\/index.php?rest_route=\/wp\/v2\/posts\/228829\/revisions\/228837"}],"wp:featuredmedia":[{"embeddable":true,"href":"https:\/\/www.buroperiodistico.com.mx\/index.php?rest_route=\/wp\/v2\/media\/228836"}],"wp:attachment":[{"href":"https:\/\/www.buroperiodistico.com.mx\/index.php?rest_route=%2Fwp%2Fv2%2Fmedia&parent=228829"}],"wp:term":[{"taxonomy":"category","embeddable":true,"href":"https:\/\/www.buroperiodistico.com.mx\/index.php?rest_route=%2Fwp%2Fv2%2Fcategories&post=228829"},{"taxonomy":"post_tag","embeddable":true,"href":"https:\/\/www.buroperiodistico.com.mx\/index.php?rest_route=%2Fwp%2Fv2%2Ftags&post=228829"}],"curies":[{"name":"wp","href":"https:\/\/api.w.org\/{rel}","templated":true}]}}