{"id":228826,"date":"2026-09-01T20:43:15","date_gmt":"2026-09-02T01:43:15","guid":{"rendered":"https:\/\/www.buroperiodistico.com.mx\/?p=228826"},"modified":"2026-09-01T20:43:15","modified_gmt":"2026-09-02T01:43:15","slug":"cronicas-politicas-por-alberto-guerra-salazar-770","status":"publish","type":"post","link":"https:\/\/www.buroperiodistico.com.mx\/?p=228826","title":{"rendered":"CRONICAS POLITICAS\/ Por Alberto Guerra Salazar"},"content":{"rendered":"<p><strong><em>01 DE septiembre 2026<\/em><\/strong><\/p>\n<p style=\"text-align: center;\"><strong>Ir\u00e1 Am\u00e9rico a los informes<\/strong><\/p>\n<p>CIUDAD VICTORIA, (ASI).\u2014 En el pasado inmediato, se le llamaba El D\u00eda del Presidente a la fecha en que el titular del poder ejecutivo federal rend\u00eda su informe anual de actividades. Era en domingo y se transformaba en una fiesta nacional, incluido un desfile en carro descubierto por las c\u00e9ntricas calles de la Ciudad de M\u00e9xico bajo una lluvia de confeti.<\/p>\n<p>Pero eso es historia. Ayer, la doctora Claudia Sheinbaum present\u00f3 su segundo informe como titular de la jefatura del gobierno federal pero apenas hizo ruido medi\u00e1tico. Se acab\u00f3 el fasto, el protocolo, el culto a la personalidad,<\/p>\n<p>Ya no se usa que los peri\u00f3dicos de todo el pa\u00eds publiquen una secci\u00f3n especial con los datos del informe y abundantes fotograf\u00edas, con el ciudadano en traje de gala y la banda presidencial cruzada al pecho.<\/p>\n<p>El informe presidencial es otra de las tradiciones que est\u00e1n en v\u00edas de extinci\u00f3n. Todo el mundo pol\u00edtico se concentraba en la Ciudad de M\u00e9xico y proliferaban las reuniones y c\u00f3nclaves de los personajes m\u00e1s notables de las regiones del pa\u00eds.<\/p>\n<p>La doctora Sheinbaum cumpli\u00f3 el ritual pol\u00edtico, incluido el posterior besamanos y se dispone a sostener reuniones grupales, con legisladores, Gobernadores, diplom\u00e1ticos, empresarios y hasta campesinos, para fingir que atienden sus necesidades.<\/p>\n<p>Esta menci\u00f3n nos hace recordar a aquel Presidente histri\u00f3n que derram\u00f3 l\u00e1grimas de cocodrilo cuando p\u00fablicamente pidi\u00f3 perd\u00f3n por no haber atendido y resuelto las necesidades de la gente del campo.<\/p>\n<p>A prop\u00f3sito de informes, est\u00e1 confirmado que el Gobernador Am\u00e9rico Villarreal Anaya se propone asistir a los informes de los presidentes municipales, tal como lo hizo el ingeniero Am\u00e9rico Villarreal Guerra que se dio tiempo en su \u00e9poca, para estar presente en 42 de los 43 informes municipales.<\/p>\n<p>Esta posibilidad incluye la propuesta de un alcalde del sur de que se invite al abogado Rafael D\u00edez Pi\u00f1eyro para que sea incorporado al equipo de trabajo del actual mandatario, en raz\u00f3n de su experiencia, conocimientos y habilidades del caso. Ma\u00f1ana abundaremos en este tema.<\/p>\n<p>Por el rumbo de Nuevo Laredo, una buena noticia corri\u00f3 a cargo de la edil Carmen Lilia Canturosas Villarreal pues dio a conocer una nueva ruta a\u00e9rea de \u201cVivaAerobus\u201d que conectar\u00e1 a esa ciudad con Tampico y Can Cun.<\/p>\n<p>De concretarse este proyecto, se reducir\u00eda considerablemente el tiempo de traslado dentro de Tamaulipas y ofrecer\u00e1 una nueva alternativa para viajar desde esa frontera a uno de los principales destinos tur\u00edsticos de M\u00e9xico.<\/p>\n<p>La ruta Nuevo Laredo-Tampico-Can Cun iniciar\u00e1 operaciones el pr\u00f3ximo 14 de noviembre, con vuelos los martes y s\u00e1bados. Los pasajeros con destino a Can Cun permanecer\u00e1n en la misma aeronave durante la escala en Tampico, sin necesidad de cambiar de avi\u00f3n.<\/p>\n<p>\u201cNo estamos anunciado solamente un nuevo vuelo. Estamos haciendo m\u00e1s f\u00e1cil movernos dentro de Tamaulipas, acercando la frontera con el puerto y, al mismo tiempo, abriendo para Nuevo Laredo una nueva puerta hacia Can Cun y el Caribe mexicano\u201d, destac\u00f3 Canturosas Villarreal.<\/p>\n<p>Para los habitantes de Nuevo Laredo y de municipios cercanos, la nueva conexi\u00f3n permitir\u00e1 llegar por v\u00eda a\u00e9rea al sur del Estado en aproximadamente una hora con 20 minutos, frente a un traslado carretero que puede superar las ocho horas.<\/p>\n<p>De la misma manera, habitantes de Tampico, Ciudad Madero, Altamira y municipios aleda\u00f1os tendr\u00e1n una alternativa mucho m\u00e1s r\u00e1pida para llegar a la frontera.<\/p>\n<p>\u201cEstamos haciendo m\u00e1s peque\u00f1o a Tamaulipas en tiempos de traslado y m\u00e1s grande en oportunidades. Para las familias significa estar m\u00e1s cerca, para empresarios y profesionistas, ahorrar horas de camino; y para quienes quieren viajar a Can Cun contar con una alternativa mucho m\u00e1s c\u00f3moda desde nuestra propia ciudad\u201d, afirm\u00f3 la alcaldesa.<\/p>\n<p>Canturosas Villarreal destac\u00f3 que esta nueva conexi\u00f3n tambi\u00e9n fortalece el v\u00ednculo entre dos puntos estrat\u00e9gicos para la econom\u00eda de Tamaulipas: la frontera de Nuevo Laredo y la zona portuaria del sur del Estado, al tiempo que ampl\u00eda las posibilidades tur\u00edsticas de la ciudad mediante una conexi\u00f3n pr\u00e1ctica hacia Can Cun y el Caribe mexicano.<\/p>\n<p>La presienta municipal reconoci\u00f3 la disposici\u00f3n de Viva Aerobus para trabajar con el gobierno municipal en la ampliaci\u00f3n de la conectividad a\u00e9rea de Nuevo Laredo y destac\u00f3 el respaldo del Gobernador Am\u00e9rico Villarreal Anaya a los proyectos que fortalecen la movilidad, integraci\u00f3n y competitividad de Tamaulipas.<\/p>\n<p>\u201cCuando Nuevo Laredo se conecta, Tamaulipas avanza. Hoy estamos acortando distancias dentro de nuestro Estado y abriendo nuevas oportunidades para llegar m\u00e1s lejos\u201d, concluy\u00f3 diciendo Carmen Lilia.<\/p>\n<p>Correo electr\u00f3nico: albertoguerra65@hotmail.com<\/p>\n","protected":false},"excerpt":{"rendered":"<p>01 DE septiembre 2026 Ir\u00e1 Am\u00e9rico a los informes CIUDAD VICTORIA, (ASI).\u2014 En el pasado&#8230;<\/p>\n","protected":false},"author":1,"featured_media":149413,"comment_status":"closed","ping_status":"closed","sticky":false,"template":"","format":"standard","meta":{"footnotes":"","jetpack_publicize_message":"","jetpack_publicize_feature_enabled":true,"jetpack_social_post_already_shared":true,"jetpack_social_options":{"image_generator_settings":{"template":"highway","default_image_id":0,"font":"","enabled":false},"version":2}},"categories":[23],"tags":[],"class_list":["post-228826","post","type-post","status-publish","format-standard","has-post-thumbnail","hentry","category-columnas"],"jetpack_publicize_connections":[],"_links":{"self":[{"href":"https:\/\/www.buroperiodistico.com.mx\/index.php?rest_route=\/wp\/v2\/posts\/228826","targetHints":{"allow":["GET"]}}],"collection":[{"href":"https:\/\/www.buroperiodistico.com.mx\/index.php?rest_route=\/wp\/v2\/posts"}],"about":[{"href":"https:\/\/www.buroperiodistico.com.mx\/index.php?rest_route=\/wp\/v2\/types\/post"}],"author":[{"embeddable":true,"href":"https:\/\/www.buroperiodistico.com.mx\/index.php?rest_route=\/wp\/v2\/users\/1"}],"replies":[{"embeddable":true,"href":"https:\/\/www.buroperiodistico.com.mx\/index.php?rest_route=%2Fwp%2Fv2%2Fcomments&post=228826"}],"version-history":[{"count":1,"href":"https:\/\/www.buroperiodistico.com.mx\/index.php?rest_route=\/wp\/v2\/posts\/228826\/revisions"}],"predecessor-version":[{"id":228827,"href":"https:\/\/www.buroperiodistico.com.mx\/index.php?rest_route=\/wp\/v2\/posts\/228826\/revisions\/228827"}],"wp:featuredmedia":[{"embeddable":true,"href":"https:\/\/www.buroperiodistico.com.mx\/index.php?rest_route=\/wp\/v2\/media\/149413"}],"wp:attachment":[{"href":"https:\/\/www.buroperiodistico.com.mx\/index.php?rest_route=%2Fwp%2Fv2%2Fmedia&parent=228826"}],"wp:term":[{"taxonomy":"category","embeddable":true,"href":"https:\/\/www.buroperiodistico.com.mx\/index.php?rest_route=%2Fwp%2Fv2%2Fcategories&post=228826"},{"taxonomy":"post_tag","embeddable":true,"href":"https:\/\/www.buroperiodistico.com.mx\/index.php?rest_route=%2Fwp%2Fv2%2Ftags&post=228826"}],"curies":[{"name":"wp","href":"https:\/\/api.w.org\/{rel}","templated":true}]}}