{"id":228809,"date":"2026-09-01T18:45:06","date_gmt":"2026-09-01T23:45:06","guid":{"rendered":"https:\/\/www.buroperiodistico.com.mx\/?p=228809"},"modified":"2026-09-01T18:45:06","modified_gmt":"2026-09-01T23:45:06","slug":"impulsa-el-gobierno-del-estado-patrimonio-cultural-con-museo-de-la-tortuga-lora","status":"publish","type":"post","link":"https:\/\/www.buroperiodistico.com.mx\/?p=228809","title":{"rendered":"Impulsa el Gobierno del Estado patrimonio cultural con Museo de la Tortuga Lora"},"content":{"rendered":"<p><em><strong><img loading=\"lazy\" decoding=\"async\" class=\" wp-image-228813 alignright\" src=\"https:\/\/www.buroperiodistico.com.mx\/wp-content\/uploads\/2026\/09\/SOPLora.jpeg\" alt=\"\" width=\"514\" height=\"324\" srcset=\"https:\/\/www.buroperiodistico.com.mx\/wp-content\/uploads\/2026\/09\/SOPLora.jpeg 1024w, https:\/\/www.buroperiodistico.com.mx\/wp-content\/uploads\/2026\/09\/SOPLora-300x189.jpeg 300w, https:\/\/www.buroperiodistico.com.mx\/wp-content\/uploads\/2026\/09\/SOPLora-768x484.jpeg 768w\" sizes=\"auto, (max-width: 514px) 100vw, 514px\" \/>La Pesca, Soto La Marina (1-Septiembre-2026).-<\/strong><\/em> El Gobierno del Estado encabezado por Am\u00e9rico Villarreal Anaya impulsa el patrimonio cultural de Tamaulipas con la construcci\u00f3n del Museo Interpretativo de la Tortuga Lora. Con el prop\u00f3sito de tener un espacio en donde se difunda la riqueza natural de esta regi\u00f3n, que contribuya a fortalecer el desarrollo tur\u00edstico y reconocer a esta especie emblem\u00e1tica de la costa tamaulipeca.<\/p>\n<p>El secretario de Obras P\u00fablicas, Pedro Cepeda Anaya, inform\u00f3 a detalle la elaboraci\u00f3n del proyecto que tendr\u00e1 en su primera etapa una inversi\u00f3n superior a los 48 millones de pesos (MDP) Para posteriormente, ejecutar en 2027 la segunda fase.<\/p>\n<p>Apunt\u00f3 que el museo estar\u00e1 a 120 metros del campamento del tortuguero y 200 metros de la playa, iniciando con las cimentaciones y la superestructura de un conjunto que abarcar\u00e1 m\u00e1s de 9 mil metros cuadrados donde se exhibir\u00e1 y divulgar\u00e1 al p\u00fablico con espacios y \u00e1reas dedicadas a la rehabilitaci\u00f3n de la tortuga.<\/p>\n<p>\u201cEstas acciones beneficiar\u00e1n para que las y los ni\u00f1os del municipio de Soto La Marina conozcan de cerca una especie que anida en su propia costa, adem\u00e1s, a las y los visitantes les dar\u00e1 una raz\u00f3n m\u00e1s para permanecer m\u00e1s tiempo en esta playa de La Pesca\u201d, subray\u00f3 Cepeda Anaya.<\/p>\n<p>Cepeda Anaya agreg\u00f3 que esto ser\u00e1 un atractivo m\u00e1s para todo el a\u00f1o en esta regi\u00f3n que beneficiar\u00e1 a las familias que viven del turismo en este lugar del municipio de Soto La Marina.<\/p>\n<p><img loading=\"lazy\" decoding=\"async\" class=\"aligncenter size-full wp-image-228810\" src=\"https:\/\/www.buroperiodistico.com.mx\/wp-content\/uploads\/2026\/09\/SOPLora-I.jpeg\" alt=\"\" width=\"638\" height=\"480\" srcset=\"https:\/\/www.buroperiodistico.com.mx\/wp-content\/uploads\/2026\/09\/SOPLora-I.jpeg 638w, https:\/\/www.buroperiodistico.com.mx\/wp-content\/uploads\/2026\/09\/SOPLora-I-300x226.jpeg 300w\" sizes=\"auto, (max-width: 638px) 100vw, 638px\" \/> <img loading=\"lazy\" decoding=\"async\" class=\"aligncenter size-full wp-image-228812\" src=\"https:\/\/www.buroperiodistico.com.mx\/wp-content\/uploads\/2026\/09\/SOPLora-III.jpeg\" alt=\"\" width=\"640\" height=\"360\" srcset=\"https:\/\/www.buroperiodistico.com.mx\/wp-content\/uploads\/2026\/09\/SOPLora-III.jpeg 640w, https:\/\/www.buroperiodistico.com.mx\/wp-content\/uploads\/2026\/09\/SOPLora-III-300x169.jpeg 300w\" sizes=\"auto, (max-width: 640px) 100vw, 640px\" \/> <img loading=\"lazy\" decoding=\"async\" class=\"aligncenter size-full wp-image-228811\" src=\"https:\/\/www.buroperiodistico.com.mx\/wp-content\/uploads\/2026\/09\/SOPLora-II.jpeg\" alt=\"\" width=\"640\" height=\"360\" srcset=\"https:\/\/www.buroperiodistico.com.mx\/wp-content\/uploads\/2026\/09\/SOPLora-II.jpeg 640w, https:\/\/www.buroperiodistico.com.mx\/wp-content\/uploads\/2026\/09\/SOPLora-II-300x169.jpeg 300w\" sizes=\"auto, (max-width: 640px) 100vw, 640px\" \/><\/p>\n","protected":false},"excerpt":{"rendered":"<p>La Pesca, Soto La Marina (1-Septiembre-2026).- El Gobierno del Estado encabezado por Am\u00e9rico Villarreal Anaya&#8230;<\/p>\n","protected":false},"author":1,"featured_media":228813,"comment_status":"closed","ping_status":"closed","sticky":false,"template":"","format":"standard","meta":{"footnotes":"","jetpack_publicize_message":"","jetpack_publicize_feature_enabled":true,"jetpack_social_post_already_shared":true,"jetpack_social_options":{"image_generator_settings":{"template":"highway","default_image_id":0,"font":"","enabled":false},"version":2}},"categories":[10],"tags":[],"class_list":["post-228809","post","type-post","status-publish","format-standard","has-post-thumbnail","hentry","category-tamaulipas"],"jetpack_publicize_connections":[],"_links":{"self":[{"href":"https:\/\/www.buroperiodistico.com.mx\/index.php?rest_route=\/wp\/v2\/posts\/228809","targetHints":{"allow":["GET"]}}],"collection":[{"href":"https:\/\/www.buroperiodistico.com.mx\/index.php?rest_route=\/wp\/v2\/posts"}],"about":[{"href":"https:\/\/www.buroperiodistico.com.mx\/index.php?rest_route=\/wp\/v2\/types\/post"}],"author":[{"embeddable":true,"href":"https:\/\/www.buroperiodistico.com.mx\/index.php?rest_route=\/wp\/v2\/users\/1"}],"replies":[{"embeddable":true,"href":"https:\/\/www.buroperiodistico.com.mx\/index.php?rest_route=%2Fwp%2Fv2%2Fcomments&post=228809"}],"version-history":[{"count":2,"href":"https:\/\/www.buroperiodistico.com.mx\/index.php?rest_route=\/wp\/v2\/posts\/228809\/revisions"}],"predecessor-version":[{"id":228815,"href":"https:\/\/www.buroperiodistico.com.mx\/index.php?rest_route=\/wp\/v2\/posts\/228809\/revisions\/228815"}],"wp:featuredmedia":[{"embeddable":true,"href":"https:\/\/www.buroperiodistico.com.mx\/index.php?rest_route=\/wp\/v2\/media\/228813"}],"wp:attachment":[{"href":"https:\/\/www.buroperiodistico.com.mx\/index.php?rest_route=%2Fwp%2Fv2%2Fmedia&parent=228809"}],"wp:term":[{"taxonomy":"category","embeddable":true,"href":"https:\/\/www.buroperiodistico.com.mx\/index.php?rest_route=%2Fwp%2Fv2%2Fcategories&post=228809"},{"taxonomy":"post_tag","embeddable":true,"href":"https:\/\/www.buroperiodistico.com.mx\/index.php?rest_route=%2Fwp%2Fv2%2Ftags&post=228809"}],"curies":[{"name":"wp","href":"https:\/\/api.w.org\/{rel}","templated":true}]}}