{"id":228805,"date":"2026-09-01T18:36:23","date_gmt":"2026-09-01T23:36:23","guid":{"rendered":"https:\/\/www.buroperiodistico.com.mx\/?p=228805"},"modified":"2026-09-01T18:36:23","modified_gmt":"2026-09-01T23:36:23","slug":"promueve-medio-ambiente-reforestacion-en-dif-en-tu-colonia","status":"publish","type":"post","link":"https:\/\/www.buroperiodistico.com.mx\/?p=228805","title":{"rendered":"Promueve Medio Ambiente reforestaci\u00f3n en DIF en tu Colonia"},"content":{"rendered":"<p><em><strong><img loading=\"lazy\" decoding=\"async\" class=\" wp-image-228807 alignright\" src=\"https:\/\/www.buroperiodistico.com.mx\/wp-content\/uploads\/2026\/09\/DIFx.jpg\" alt=\"\" width=\"528\" height=\"339\" srcset=\"https:\/\/www.buroperiodistico.com.mx\/wp-content\/uploads\/2026\/09\/DIFx.jpg 1024w, https:\/\/www.buroperiodistico.com.mx\/wp-content\/uploads\/2026\/09\/DIFx-300x193.jpg 300w, https:\/\/www.buroperiodistico.com.mx\/wp-content\/uploads\/2026\/09\/DIFx-768x494.jpg 768w\" sizes=\"auto, (max-width: 528px) 100vw, 528px\" \/>Reynosa, Tam (1-Septiembre-2026).-<\/strong><\/em> Como parte de las acciones para fortalecer la cultura ambiental, el Alcalde Carlos Pe\u00f1a Ortiz dio indicaciones a la Direcci\u00f3n de Medio Ambiente para participar en la brigada \u201cDIF en tu Colonia\u201d, acercando a las familias herramientas y conocimientos para impulsar la reforestaci\u00f3n en sus comunidades.<\/p>\n<p>Durante la jornada se compartieron recomendaciones sobre la importancia de plantar y cuidar los \u00e1rboles, fomentando la participaci\u00f3n de las familias en la creaci\u00f3n y conservaci\u00f3n de \u00e1reas verdes.<\/p>\n<p>El Gobierno Municipal contin\u00faa acercando acciones ambientales directamente a las colonias, promoviendo una mayor conciencia y participaci\u00f3n ciudadana para construir una Reynosa con m\u00e1s espacios verdes y un mejor entorno.<\/p>\n<p>#ReynosaImparable<br \/>\n#GobiernoMunicipalDeReynosa<\/p>\n<p><img loading=\"lazy\" decoding=\"async\" class=\"aligncenter size-full wp-image-228806\" src=\"https:\/\/www.buroperiodistico.com.mx\/wp-content\/uploads\/2026\/09\/DIFx-I.jpg\" alt=\"\" width=\"640\" height=\"428\" srcset=\"https:\/\/www.buroperiodistico.com.mx\/wp-content\/uploads\/2026\/09\/DIFx-I.jpg 640w, https:\/\/www.buroperiodistico.com.mx\/wp-content\/uploads\/2026\/09\/DIFx-I-300x201.jpg 300w\" sizes=\"auto, (max-width: 640px) 100vw, 640px\" \/><\/p>\n","protected":false},"excerpt":{"rendered":"<p>Reynosa, Tam (1-Septiembre-2026).- Como parte de las acciones para fortalecer la cultura ambiental, el Alcalde&#8230;<\/p>\n","protected":false},"author":1,"featured_media":228807,"comment_status":"closed","ping_status":"closed","sticky":false,"template":"","format":"standard","meta":{"footnotes":"","jetpack_publicize_message":"","jetpack_publicize_feature_enabled":true,"jetpack_social_post_already_shared":true,"jetpack_social_options":{"image_generator_settings":{"template":"highway","default_image_id":0,"font":"","enabled":false},"version":2}},"categories":[9],"tags":[],"class_list":["post-228805","post","type-post","status-publish","format-standard","has-post-thumbnail","hentry","category-reynosa"],"jetpack_publicize_connections":[],"_links":{"self":[{"href":"https:\/\/www.buroperiodistico.com.mx\/index.php?rest_route=\/wp\/v2\/posts\/228805","targetHints":{"allow":["GET"]}}],"collection":[{"href":"https:\/\/www.buroperiodistico.com.mx\/index.php?rest_route=\/wp\/v2\/posts"}],"about":[{"href":"https:\/\/www.buroperiodistico.com.mx\/index.php?rest_route=\/wp\/v2\/types\/post"}],"author":[{"embeddable":true,"href":"https:\/\/www.buroperiodistico.com.mx\/index.php?rest_route=\/wp\/v2\/users\/1"}],"replies":[{"embeddable":true,"href":"https:\/\/www.buroperiodistico.com.mx\/index.php?rest_route=%2Fwp%2Fv2%2Fcomments&post=228805"}],"version-history":[{"count":1,"href":"https:\/\/www.buroperiodistico.com.mx\/index.php?rest_route=\/wp\/v2\/posts\/228805\/revisions"}],"predecessor-version":[{"id":228808,"href":"https:\/\/www.buroperiodistico.com.mx\/index.php?rest_route=\/wp\/v2\/posts\/228805\/revisions\/228808"}],"wp:featuredmedia":[{"embeddable":true,"href":"https:\/\/www.buroperiodistico.com.mx\/index.php?rest_route=\/wp\/v2\/media\/228807"}],"wp:attachment":[{"href":"https:\/\/www.buroperiodistico.com.mx\/index.php?rest_route=%2Fwp%2Fv2%2Fmedia&parent=228805"}],"wp:term":[{"taxonomy":"category","embeddable":true,"href":"https:\/\/www.buroperiodistico.com.mx\/index.php?rest_route=%2Fwp%2Fv2%2Fcategories&post=228805"},{"taxonomy":"post_tag","embeddable":true,"href":"https:\/\/www.buroperiodistico.com.mx\/index.php?rest_route=%2Fwp%2Fv2%2Ftags&post=228805"}],"curies":[{"name":"wp","href":"https:\/\/api.w.org\/{rel}","templated":true}]}}