{"id":228796,"date":"2026-09-01T18:17:40","date_gmt":"2026-09-01T23:17:40","guid":{"rendered":"https:\/\/www.buroperiodistico.com.mx\/?p=228796"},"modified":"2026-09-01T18:17:40","modified_gmt":"2026-09-01T23:17:40","slug":"carmen-lilia-anuncia-nueva-ruta-nld-tampico-cancun-acorta-distancias-en-tamaulipas","status":"publish","type":"post","link":"https:\/\/www.buroperiodistico.com.mx\/?p=228796","title":{"rendered":"CARMEN LILIA ANUNCIA NUEVA RUTA NLD\u2013TAMPICO\u2013CANC\u00daN; ACORTA DISTANCIAS EN TAMAULIPAS"},"content":{"rendered":"<p><em><strong><img loading=\"lazy\" decoding=\"async\" class=\" wp-image-228797 alignright\" src=\"https:\/\/www.buroperiodistico.com.mx\/wp-content\/uploads\/2026\/09\/Nldx.jpg\" alt=\"\" width=\"520\" height=\"281\" srcset=\"https:\/\/www.buroperiodistico.com.mx\/wp-content\/uploads\/2026\/09\/Nldx.jpg 1110w, https:\/\/www.buroperiodistico.com.mx\/wp-content\/uploads\/2026\/09\/Nldx-300x162.jpg 300w, https:\/\/www.buroperiodistico.com.mx\/wp-content\/uploads\/2026\/09\/Nldx-1024x554.jpg 1024w, https:\/\/www.buroperiodistico.com.mx\/wp-content\/uploads\/2026\/09\/Nldx-768x415.jpg 768w\" sizes=\"auto, (max-width: 520px) 100vw, 520px\" \/>Nuevo Laredo, Tam (1-Septiembre-2026).-<\/strong><\/em> La presidenta municipal, Carmen Lilia Canturosas Villarreal, anunci\u00f3 una nueva ruta a\u00e9rea de Viva Aerobus que conectar\u00e1 a Nuevo Laredo con Tampico y Canc\u00fan, reduciendo considerablemente los tiempos de traslado dentro de Tamaulipas y ofreciendo una nueva alternativa para viajar desde esta frontera a uno de los principales destinos tur\u00edsticos de M\u00e9xico.<\/p>\n<p>La ruta Nuevo Laredo\u2013Tampico\u2013Canc\u00fan iniciar\u00e1 operaciones el pr\u00f3ximo 14 de noviembre, con vuelos los martes y s\u00e1bados. Los pasajeros con destino a Canc\u00fan permanecer\u00e1n en la misma aeronave durante la escala en Tampico, sin necesidad de cambiar de avi\u00f3n.<\/p>\n<p>\u201cNo estamos anunciando solamente un nuevo vuelo. Estamos haciendo m\u00e1s f\u00e1cil movernos dentro de Tamaulipas, acercando la frontera con el puerto y, al mismo tiempo, abriendo para Nuevo Laredo una nueva puerta hacia Canc\u00fan y el Caribe mexicano\u201d, destac\u00f3 Canturosas Villarreal.<\/p>\n<p>Para los habitantes de Nuevo Laredo y de municipios cercanos, la nueva conexi\u00f3n permitir\u00e1 llegar por v\u00eda a\u00e9rea al sur del estado en aproximadamente una hora con 20 minutos, frente a un traslado carretero que puede superar las ocho horas. De la misma manera, habitantes de Tampico, Ciudad Madero, Altamira y municipios aleda\u00f1os tendr\u00e1n una alternativa mucho m\u00e1s r\u00e1pida para llegar a la frontera.<\/p>\n<p>\u201cEstamos haciendo m\u00e1s peque\u00f1o a Tamaulipas en tiempos de traslado y m\u00e1s grande en oportunidades. Para las familias significa estar m\u00e1s cerca; para empresarios y profesionistas, ahorrar horas de camino; y para quienes quieren viajar a Canc\u00fan, contar con una alternativa mucho m\u00e1s c\u00f3moda desde nuestra propia ciudad\u201d, afirm\u00f3 la alcaldesa.<\/p>\n<p>Canturosas Villarreal destac\u00f3 que esta nueva conexi\u00f3n tambi\u00e9n fortalece el v\u00ednculo entre dos puntos estrat\u00e9gicos para la econom\u00eda de Tamaulipas: la frontera de Nuevo Laredo y la zona portuaria del sur del estado, al tiempo que ampl\u00eda las posibilidades tur\u00edsticas de la ciudad mediante una conexi\u00f3n pr\u00e1ctica hacia Canc\u00fan y el Caribe mexicano.<\/p>\n<p>La presidenta municipal reconoci\u00f3 la disposici\u00f3n de Viva Aerobus para trabajar con el Gobierno Municipal en la ampliaci\u00f3n de la conectividad a\u00e9rea de Nuevo Laredo y destac\u00f3 el respaldo del gobernador Am\u00e9rico Villarreal Anaya a los proyectos que fortalecen la movilidad, integraci\u00f3n y competitividad de Tamaulipas.<\/p>\n<p>\u201cCuando Nuevo Laredo se conecta, Tamaulipas avanza. Hoy estamos acortando distancias dentro de nuestro estado y abriendo nuevas oportunidades para llegar m\u00e1s lejos\u201d, concluy\u00f3 Carmen Lilia.<\/p>\n","protected":false},"excerpt":{"rendered":"<p>Nuevo Laredo, Tam (1-Septiembre-2026).- La presidenta municipal, Carmen Lilia Canturosas Villarreal, anunci\u00f3 una nueva ruta&#8230;<\/p>\n","protected":false},"author":1,"featured_media":228797,"comment_status":"closed","ping_status":"closed","sticky":false,"template":"","format":"standard","meta":{"footnotes":"","jetpack_publicize_message":"","jetpack_publicize_feature_enabled":true,"jetpack_social_post_already_shared":true,"jetpack_social_options":{"image_generator_settings":{"template":"highway","default_image_id":0,"font":"","enabled":false},"version":2}},"categories":[16,25],"tags":[],"class_list":["post-228796","post","type-post","status-publish","format-standard","has-post-thumbnail","hentry","category-nuevolaredo","category-portada"],"jetpack_publicize_connections":[],"_links":{"self":[{"href":"https:\/\/www.buroperiodistico.com.mx\/index.php?rest_route=\/wp\/v2\/posts\/228796","targetHints":{"allow":["GET"]}}],"collection":[{"href":"https:\/\/www.buroperiodistico.com.mx\/index.php?rest_route=\/wp\/v2\/posts"}],"about":[{"href":"https:\/\/www.buroperiodistico.com.mx\/index.php?rest_route=\/wp\/v2\/types\/post"}],"author":[{"embeddable":true,"href":"https:\/\/www.buroperiodistico.com.mx\/index.php?rest_route=\/wp\/v2\/users\/1"}],"replies":[{"embeddable":true,"href":"https:\/\/www.buroperiodistico.com.mx\/index.php?rest_route=%2Fwp%2Fv2%2Fcomments&post=228796"}],"version-history":[{"count":1,"href":"https:\/\/www.buroperiodistico.com.mx\/index.php?rest_route=\/wp\/v2\/posts\/228796\/revisions"}],"predecessor-version":[{"id":228798,"href":"https:\/\/www.buroperiodistico.com.mx\/index.php?rest_route=\/wp\/v2\/posts\/228796\/revisions\/228798"}],"wp:featuredmedia":[{"embeddable":true,"href":"https:\/\/www.buroperiodistico.com.mx\/index.php?rest_route=\/wp\/v2\/media\/228797"}],"wp:attachment":[{"href":"https:\/\/www.buroperiodistico.com.mx\/index.php?rest_route=%2Fwp%2Fv2%2Fmedia&parent=228796"}],"wp:term":[{"taxonomy":"category","embeddable":true,"href":"https:\/\/www.buroperiodistico.com.mx\/index.php?rest_route=%2Fwp%2Fv2%2Fcategories&post=228796"},{"taxonomy":"post_tag","embeddable":true,"href":"https:\/\/www.buroperiodistico.com.mx\/index.php?rest_route=%2Fwp%2Fv2%2Ftags&post=228796"}],"curies":[{"name":"wp","href":"https:\/\/api.w.org\/{rel}","templated":true}]}}