{"id":228783,"date":"2026-09-01T17:12:22","date_gmt":"2026-09-01T22:12:22","guid":{"rendered":"https:\/\/www.buroperiodistico.com.mx\/?p=228783"},"modified":"2026-09-01T17:12:22","modified_gmt":"2026-09-01T22:12:22","slug":"preparan-la-gran-rodada-uat-14k-en-ciudad-victoria","status":"publish","type":"post","link":"https:\/\/www.buroperiodistico.com.mx\/?p=228783","title":{"rendered":"Preparan la Gran Rodada UAT 14K en Ciudad Victoria"},"content":{"rendered":"<p><em><strong><img loading=\"lazy\" decoding=\"async\" class=\" wp-image-228785 alignright\" src=\"https:\/\/www.buroperiodistico.com.mx\/wp-content\/uploads\/2026\/09\/Rodadax.jpg\" alt=\"\" width=\"542\" height=\"346\" srcset=\"https:\/\/www.buroperiodistico.com.mx\/wp-content\/uploads\/2026\/09\/Rodadax.jpg 1024w, https:\/\/www.buroperiodistico.com.mx\/wp-content\/uploads\/2026\/09\/Rodadax-300x192.jpg 300w, https:\/\/www.buroperiodistico.com.mx\/wp-content\/uploads\/2026\/09\/Rodadax-768x491.jpg 768w\" sizes=\"auto, (max-width: 542px) 100vw, 542px\" \/>Ciudad Victoria, Tam (1-Septiembre-2026).-<\/strong><\/em> Con la finalidad de vincular a la sociedad en general y la comunidad universitaria a trav\u00e9s del deporte, la Universidad Aut\u00f3noma de Tamaulipas organiza la Gran Rodada UAT 14K, que se celebrar\u00e1 el pr\u00f3ximo domingo, 20 septiembre, en Ciudad Victoria.<\/p>\n<p>A trav\u00e9s de la Secretar\u00eda de Vinculaci\u00f3n y la Direcci\u00f3n de Deportes y Recreaci\u00f3n, se convoca a ni\u00f1as, ni\u00f1os, j\u00f3venes y adultos a participar en el paseo en bicicleta que recorrer\u00e1 las principales avenidas de la capital de Tamaulipas, donde todos los presentes podr\u00e1n disfrutarlo al m\u00e1ximo.<\/p>\n<p>Los ciclistas se reunir\u00e1n frente al estacionamiento del Parque Tamat\u00e1n, ubicado en la Calzada \u201cGral. Luis Caballero\u201d, en punto de las 8:00 horas, donde las autoridades de la UAT e invitados especiales dar\u00e1n el banderazo de salida.<\/p>\n<p>Todos los participantes transitar\u00e1n sobre el Eje Vial \u201cL\u00e1zaro C\u00e1rdenas\u201d rumbo al norte, hasta llegar al Libramiento Naciones Unidas, llegando a la Avenida Tamaulipas para avanzar rumbo al sur, y culminar frente a las oficinas de Rector\u00eda, en el 8 y 9 Matamoros.<\/p>\n<p>Al finalizar el recorrido, los pedalistas podr\u00e1n participar en la rifa de atractivos regalos y, adem\u00e1s, podr\u00e1n disfrutar del programa musical programado, entre otras sorpresas m\u00e1s.<\/p>\n<p>Cabe resaltar que, en el pasado mes de febrero, m\u00e1s de 400 participantes se hicieron presentes en el recorrido de 10 kil\u00f3metros, reuniendo a familias del centro, norte y sur del estado en el magno evento.<\/p>\n<p>Las inscripciones son gratis y podr\u00e1n realizarse en el enlace https:\/\/forms.gle\/8Wq8VB5XAk4AT73d9 o en la Direcci\u00f3n de Deportes y Recreaci\u00f3n de la UAT, ubicadas en el Gimnasio Universitario del Campus Victoria, en horario de 9:00 a 17:00 horas.<\/p>\n<p><img loading=\"lazy\" decoding=\"async\" class=\"aligncenter size-full wp-image-228784\" src=\"https:\/\/www.buroperiodistico.com.mx\/wp-content\/uploads\/2026\/09\/Rodadax-I.jpeg\" alt=\"\" width=\"640\" height=\"427\" srcset=\"https:\/\/www.buroperiodistico.com.mx\/wp-content\/uploads\/2026\/09\/Rodadax-I.jpeg 640w, https:\/\/www.buroperiodistico.com.mx\/wp-content\/uploads\/2026\/09\/Rodadax-I-300x200.jpeg 300w\" sizes=\"auto, (max-width: 640px) 100vw, 640px\" \/><\/p>\n","protected":false},"excerpt":{"rendered":"<p>Ciudad Victoria, Tam (1-Septiembre-2026).- Con la finalidad de vincular a la sociedad en general y&#8230;<\/p>\n","protected":false},"author":1,"featured_media":228785,"comment_status":"closed","ping_status":"closed","sticky":false,"template":"","format":"standard","meta":{"footnotes":"","jetpack_publicize_message":"","jetpack_publicize_feature_enabled":true,"jetpack_social_post_already_shared":true,"jetpack_social_options":{"image_generator_settings":{"template":"highway","default_image_id":0,"font":"","enabled":false},"version":2}},"categories":[12],"tags":[],"class_list":["post-228783","post","type-post","status-publish","format-standard","has-post-thumbnail","hentry","category-deportes"],"jetpack_publicize_connections":[],"_links":{"self":[{"href":"https:\/\/www.buroperiodistico.com.mx\/index.php?rest_route=\/wp\/v2\/posts\/228783","targetHints":{"allow":["GET"]}}],"collection":[{"href":"https:\/\/www.buroperiodistico.com.mx\/index.php?rest_route=\/wp\/v2\/posts"}],"about":[{"href":"https:\/\/www.buroperiodistico.com.mx\/index.php?rest_route=\/wp\/v2\/types\/post"}],"author":[{"embeddable":true,"href":"https:\/\/www.buroperiodistico.com.mx\/index.php?rest_route=\/wp\/v2\/users\/1"}],"replies":[{"embeddable":true,"href":"https:\/\/www.buroperiodistico.com.mx\/index.php?rest_route=%2Fwp%2Fv2%2Fcomments&post=228783"}],"version-history":[{"count":1,"href":"https:\/\/www.buroperiodistico.com.mx\/index.php?rest_route=\/wp\/v2\/posts\/228783\/revisions"}],"predecessor-version":[{"id":228786,"href":"https:\/\/www.buroperiodistico.com.mx\/index.php?rest_route=\/wp\/v2\/posts\/228783\/revisions\/228786"}],"wp:featuredmedia":[{"embeddable":true,"href":"https:\/\/www.buroperiodistico.com.mx\/index.php?rest_route=\/wp\/v2\/media\/228785"}],"wp:attachment":[{"href":"https:\/\/www.buroperiodistico.com.mx\/index.php?rest_route=%2Fwp%2Fv2%2Fmedia&parent=228783"}],"wp:term":[{"taxonomy":"category","embeddable":true,"href":"https:\/\/www.buroperiodistico.com.mx\/index.php?rest_route=%2Fwp%2Fv2%2Fcategories&post=228783"},{"taxonomy":"post_tag","embeddable":true,"href":"https:\/\/www.buroperiodistico.com.mx\/index.php?rest_route=%2Fwp%2Fv2%2Ftags&post=228783"}],"curies":[{"name":"wp","href":"https:\/\/api.w.org\/{rel}","templated":true}]}}