{"id":228767,"date":"2026-09-01T15:44:51","date_gmt":"2026-09-01T20:44:51","guid":{"rendered":"https:\/\/www.buroperiodistico.com.mx\/?p=228767"},"modified":"2026-09-01T15:44:51","modified_gmt":"2026-09-01T20:44:51","slug":"entregan-equipo-de-proteccion-a-combatientes-del-municipio-de-llera","status":"publish","type":"post","link":"https:\/\/www.buroperiodistico.com.mx\/?p=228767","title":{"rendered":"Entregan equipo de protecci\u00f3n a combatientes del municipio de Llera"},"content":{"rendered":"<p><em><strong><img loading=\"lazy\" decoding=\"async\" class=\" wp-image-228770 alignright\" src=\"https:\/\/www.buroperiodistico.com.mx\/wp-content\/uploads\/2026\/09\/SRULlera.jpeg\" alt=\"\" width=\"577\" height=\"367\" srcset=\"https:\/\/www.buroperiodistico.com.mx\/wp-content\/uploads\/2026\/09\/SRULlera.jpeg 1024w, https:\/\/www.buroperiodistico.com.mx\/wp-content\/uploads\/2026\/09\/SRULlera-300x191.jpeg 300w, https:\/\/www.buroperiodistico.com.mx\/wp-content\/uploads\/2026\/09\/SRULlera-768x488.jpeg 768w\" sizes=\"auto, (max-width: 577px) 100vw, 577px\" \/>Llera, Tamaulipas (1-Septiembre-2026).-<\/strong><\/em> Con el compromiso de salvaguardar el patrimonio natural del estado y proteger la vida de quienes trabajan en la conservaci\u00f3n de los bosques y selvas, el Gobierno del Estado de Tamaulipas, a trav\u00e9s de la Secretar\u00eda de Desarrollo Rural, Pesca y Acuacultura, realiz\u00f3 la entrega de Equipo de Protecci\u00f3n Personal (EPP) y herramientas especializadas a la Brigada Rural de Manejo del Fuego del ejido Dos de Octubre, en el municipio de Llera.<\/p>\n<p>En representaci\u00f3n del secretario de Desarrollo Rural, Pesca y Acuacultura, Antonio Varela Flores, acudi\u00f3 la directora de Fomento Forestal, Celene Ram\u00edrez Garc\u00eda, quien destac\u00f3 la importancia de fortalecer las capacidades de las brigadas comunitarias que participan en las labores de prevenci\u00f3n y atenci\u00f3n de incendios forestales.<\/p>\n<p>La entrega de estos equipos permitir\u00e1 a las y los combatientes comunitarios contar con los insumos necesarios para desarrollar sus actividades con mayor seguridad ante posibles contingencias, reforzando las acciones de prevenci\u00f3n y respuesta para reducir los impactos de los incendios en los ecosistemas de la regi\u00f3n centro de Tamaulipas.<\/p>\n<p>\u201cLas brigadas rurales representan un componente fundamental de la estrategia estatal de manejo del fuego. Al estar integradas por habitantes de las propias comunidades, las y los brigadistas se convierten en los primeros respondientes ante cualquier conato de incendio, aportando su conocimiento del territorio, las condiciones de la zona y las caracter\u00edsticas de la vegetaci\u00f3n\u201d, destac\u00f3 la directora de Fomento Forestal.<\/p>\n<p>Proteger a quienes nos protegen es una prioridad. Los incendios forestales no solo provocan da\u00f1os en la vegetaci\u00f3n y destruyen h\u00e1bitats de fauna silvestre; tambi\u00e9n pueden representar un grave riesgo para las comunidades y para quienes participan directamente en su combate. Por ello, contar con el equipo y la indumentaria adecuada es indispensable para que los brigadistas realicen sus labores de manera segura y puedan regresar a salvo con sus familias.<\/p>\n<p>El Gobierno de Tamaulipas, encabezado por Am\u00e9rico Villarreal Anaya, refrenda su compromiso con la protecci\u00f3n de los recursos naturales y con el fortalecimiento de las capacidades de quienes participan en la prevenci\u00f3n y combate de incendios forestales.<\/p>\n<p>Asimismo, el Gobierno de Tamaulipas reiter\u00f3 que el manejo responsable del fuego es una tarea compartida entre autoridades y sociedad, por lo que se hace un llamado a productores agr\u00edcolas y ganaderos, as\u00ed como a visitantes de las zonas rurales y forestales, a evitar pr\u00e1cticas que puedan provocar incendios y a utilizar el fuego de manera responsable.<\/p>\n<p>Finalmente, se exhorta a la ciudadan\u00eda a mantenerse atenta y, en caso de detectar humo o un incendio en zonas naturales, reportarlo de inmediato al n\u00famero de emergencias 911, proporcionando la ubicaci\u00f3n o referencias que permitan a las autoridades atender oportunamente la situaci\u00f3n.<\/p>\n<p><img loading=\"lazy\" decoding=\"async\" class=\"aligncenter size-full wp-image-228768\" src=\"https:\/\/www.buroperiodistico.com.mx\/wp-content\/uploads\/2026\/09\/SRULlera-I.jpeg\" alt=\"\" width=\"613\" height=\"480\" srcset=\"https:\/\/www.buroperiodistico.com.mx\/wp-content\/uploads\/2026\/09\/SRULlera-I.jpeg 613w, https:\/\/www.buroperiodistico.com.mx\/wp-content\/uploads\/2026\/09\/SRULlera-I-300x235.jpeg 300w\" sizes=\"auto, (max-width: 613px) 100vw, 613px\" \/> <img loading=\"lazy\" decoding=\"async\" class=\"aligncenter size-full wp-image-228769\" src=\"https:\/\/www.buroperiodistico.com.mx\/wp-content\/uploads\/2026\/09\/SRULlera-II.jpeg\" alt=\"\" width=\"637\" height=\"480\" srcset=\"https:\/\/www.buroperiodistico.com.mx\/wp-content\/uploads\/2026\/09\/SRULlera-II.jpeg 637w, https:\/\/www.buroperiodistico.com.mx\/wp-content\/uploads\/2026\/09\/SRULlera-II-300x226.jpeg 300w\" sizes=\"auto, (max-width: 637px) 100vw, 637px\" \/><\/p>\n","protected":false},"excerpt":{"rendered":"<p>Llera, Tamaulipas (1-Septiembre-2026).- Con el compromiso de salvaguardar el patrimonio natural del estado y proteger&#8230;<\/p>\n","protected":false},"author":1,"featured_media":228770,"comment_status":"closed","ping_status":"closed","sticky":false,"template":"","format":"standard","meta":{"footnotes":"","jetpack_publicize_message":"","jetpack_publicize_feature_enabled":true,"jetpack_social_post_already_shared":true,"jetpack_social_options":{"image_generator_settings":{"template":"highway","default_image_id":0,"font":"","enabled":false},"version":2}},"categories":[10],"tags":[],"class_list":["post-228767","post","type-post","status-publish","format-standard","has-post-thumbnail","hentry","category-tamaulipas"],"jetpack_publicize_connections":[],"_links":{"self":[{"href":"https:\/\/www.buroperiodistico.com.mx\/index.php?rest_route=\/wp\/v2\/posts\/228767","targetHints":{"allow":["GET"]}}],"collection":[{"href":"https:\/\/www.buroperiodistico.com.mx\/index.php?rest_route=\/wp\/v2\/posts"}],"about":[{"href":"https:\/\/www.buroperiodistico.com.mx\/index.php?rest_route=\/wp\/v2\/types\/post"}],"author":[{"embeddable":true,"href":"https:\/\/www.buroperiodistico.com.mx\/index.php?rest_route=\/wp\/v2\/users\/1"}],"replies":[{"embeddable":true,"href":"https:\/\/www.buroperiodistico.com.mx\/index.php?rest_route=%2Fwp%2Fv2%2Fcomments&post=228767"}],"version-history":[{"count":1,"href":"https:\/\/www.buroperiodistico.com.mx\/index.php?rest_route=\/wp\/v2\/posts\/228767\/revisions"}],"predecessor-version":[{"id":228771,"href":"https:\/\/www.buroperiodistico.com.mx\/index.php?rest_route=\/wp\/v2\/posts\/228767\/revisions\/228771"}],"wp:featuredmedia":[{"embeddable":true,"href":"https:\/\/www.buroperiodistico.com.mx\/index.php?rest_route=\/wp\/v2\/media\/228770"}],"wp:attachment":[{"href":"https:\/\/www.buroperiodistico.com.mx\/index.php?rest_route=%2Fwp%2Fv2%2Fmedia&parent=228767"}],"wp:term":[{"taxonomy":"category","embeddable":true,"href":"https:\/\/www.buroperiodistico.com.mx\/index.php?rest_route=%2Fwp%2Fv2%2Fcategories&post=228767"},{"taxonomy":"post_tag","embeddable":true,"href":"https:\/\/www.buroperiodistico.com.mx\/index.php?rest_route=%2Fwp%2Fv2%2Ftags&post=228767"}],"curies":[{"name":"wp","href":"https:\/\/api.w.org\/{rel}","templated":true}]}}