{"id":228761,"date":"2026-09-01T15:35:03","date_gmt":"2026-09-01T20:35:03","guid":{"rendered":"https:\/\/www.buroperiodistico.com.mx\/?p=228761"},"modified":"2026-09-01T15:35:03","modified_gmt":"2026-09-01T20:35:03","slug":"promueve-injuve-el-bienestar-de-la-juventud-con-evento-wellness","status":"publish","type":"post","link":"https:\/\/www.buroperiodistico.com.mx\/?p=228761","title":{"rendered":"Promueve INJUVE el bienestar de la juventud con evento \u201cWellness\u201d"},"content":{"rendered":"<p><em><strong><img loading=\"lazy\" decoding=\"async\" class=\" wp-image-228765 alignright\" src=\"https:\/\/www.buroperiodistico.com.mx\/wp-content\/uploads\/2026\/09\/IJUWellness.jpeg\" alt=\"\" width=\"495\" height=\"312\" srcset=\"https:\/\/www.buroperiodistico.com.mx\/wp-content\/uploads\/2026\/09\/IJUWellness.jpeg 1024w, https:\/\/www.buroperiodistico.com.mx\/wp-content\/uploads\/2026\/09\/IJUWellness-300x189.jpeg 300w, https:\/\/www.buroperiodistico.com.mx\/wp-content\/uploads\/2026\/09\/IJUWellness-768x485.jpeg 768w\" sizes=\"auto, (max-width: 495px) 100vw, 495px\" \/>Tampico, Tamaulipas (1-Septiembre-2026).-<\/strong><\/em> Con el objetivo de ofrecer un espacio recreativo y deportivo dirigido a las y los j\u00f3venes, el Instituto de la Juventud de Tamaulipas (INJUVE) llev\u00f3 a cabo el encuentro \u201cWellness\u201d en la Velaria del Recinto Ferial de Tampico.<\/p>\n<p>Esta iniciativa busca impulsar la activaci\u00f3n f\u00edsica y la adopci\u00f3n de h\u00e1bitos saludables, consolidando un estilo de vida equilibrado a trav\u00e9s de la convivencia al aire libre.<\/p>\n<p>Durante la jornada, los asistentes participaron en un programa que inici\u00f3 con una sesi\u00f3n de meditaci\u00f3n, seguida de entrenamiento funcional de alto impacto y rutinas de estiramiento. Para complementar la experiencia, el p\u00fablico recorri\u00f3 el \u201cMercado Wellness\u201d, espacio dedicado a la exposici\u00f3n de productos y servicios de cuidado personal y nutrici\u00f3n consciente.<\/p>\n<p>Bajo la premisa de vincular la salud integral con el entorno social, el Instituto promueve esta actividad como parte de sus acciones prioritarias para activar cuerpo y mente m\u00e1s all\u00e1 del \u00e1mbito deportivo.<\/p>\n<p>Sobre el impacto de esta jornada, Oscar Azael Rodr\u00edguez Perales, director general del INJUVE, destac\u00f3 que la prioridad institucional es dotar a la juventud de herramientas que fortalezcan su salud f\u00edsica y estabilidad emocional. Asimismo, enfatiz\u00f3 que el deporte y el autocuidado constituyen pilares fundamentales para reconstruir el tejido social.<\/p>\n<p>Esta estrategia responde a las pol\u00edticas p\u00fablicas del Gobierno del Estado, encabezado por el gobernador Am\u00e9rico Villarreal Anaya, quien ha instruido atender a este sector de manera transversal. En ese contexto, la instituci\u00f3n, perteneciente a la Secretar\u00eda del Trabajo liderada por Luis Gerardo Illoldi Reyes, refrenda su compromiso de articular esfuerzos que propicien entornos seguros y saludables.<\/p>\n<p><img loading=\"lazy\" decoding=\"async\" class=\"aligncenter size-full wp-image-228762\" src=\"https:\/\/www.buroperiodistico.com.mx\/wp-content\/uploads\/2026\/09\/IJUWellness-I.jpeg\" alt=\"\" width=\"640\" height=\"427\" srcset=\"https:\/\/www.buroperiodistico.com.mx\/wp-content\/uploads\/2026\/09\/IJUWellness-I.jpeg 640w, https:\/\/www.buroperiodistico.com.mx\/wp-content\/uploads\/2026\/09\/IJUWellness-I-300x200.jpeg 300w\" sizes=\"auto, (max-width: 640px) 100vw, 640px\" \/> <img loading=\"lazy\" decoding=\"async\" class=\"aligncenter size-full wp-image-228764\" src=\"https:\/\/www.buroperiodistico.com.mx\/wp-content\/uploads\/2026\/09\/IJUWellness-III.jpeg\" alt=\"\" width=\"640\" height=\"427\" srcset=\"https:\/\/www.buroperiodistico.com.mx\/wp-content\/uploads\/2026\/09\/IJUWellness-III.jpeg 640w, https:\/\/www.buroperiodistico.com.mx\/wp-content\/uploads\/2026\/09\/IJUWellness-III-300x200.jpeg 300w\" sizes=\"auto, (max-width: 640px) 100vw, 640px\" \/> <img loading=\"lazy\" decoding=\"async\" class=\"aligncenter size-full wp-image-228763\" src=\"https:\/\/www.buroperiodistico.com.mx\/wp-content\/uploads\/2026\/09\/IJUWellness-II.jpeg\" alt=\"\" width=\"640\" height=\"427\" srcset=\"https:\/\/www.buroperiodistico.com.mx\/wp-content\/uploads\/2026\/09\/IJUWellness-II.jpeg 640w, https:\/\/www.buroperiodistico.com.mx\/wp-content\/uploads\/2026\/09\/IJUWellness-II-300x200.jpeg 300w\" sizes=\"auto, (max-width: 640px) 100vw, 640px\" \/><\/p>\n","protected":false},"excerpt":{"rendered":"<p>Tampico, Tamaulipas (1-Septiembre-2026).- Con el objetivo de ofrecer un espacio recreativo y deportivo dirigido a&#8230;<\/p>\n","protected":false},"author":1,"featured_media":228765,"comment_status":"closed","ping_status":"closed","sticky":false,"template":"","format":"standard","meta":{"footnotes":"","jetpack_publicize_message":"","jetpack_publicize_feature_enabled":true,"jetpack_social_post_already_shared":true,"jetpack_social_options":{"image_generator_settings":{"template":"highway","default_image_id":0,"font":"","enabled":false},"version":2}},"categories":[10],"tags":[],"class_list":["post-228761","post","type-post","status-publish","format-standard","has-post-thumbnail","hentry","category-tamaulipas"],"jetpack_publicize_connections":[],"_links":{"self":[{"href":"https:\/\/www.buroperiodistico.com.mx\/index.php?rest_route=\/wp\/v2\/posts\/228761","targetHints":{"allow":["GET"]}}],"collection":[{"href":"https:\/\/www.buroperiodistico.com.mx\/index.php?rest_route=\/wp\/v2\/posts"}],"about":[{"href":"https:\/\/www.buroperiodistico.com.mx\/index.php?rest_route=\/wp\/v2\/types\/post"}],"author":[{"embeddable":true,"href":"https:\/\/www.buroperiodistico.com.mx\/index.php?rest_route=\/wp\/v2\/users\/1"}],"replies":[{"embeddable":true,"href":"https:\/\/www.buroperiodistico.com.mx\/index.php?rest_route=%2Fwp%2Fv2%2Fcomments&post=228761"}],"version-history":[{"count":1,"href":"https:\/\/www.buroperiodistico.com.mx\/index.php?rest_route=\/wp\/v2\/posts\/228761\/revisions"}],"predecessor-version":[{"id":228766,"href":"https:\/\/www.buroperiodistico.com.mx\/index.php?rest_route=\/wp\/v2\/posts\/228761\/revisions\/228766"}],"wp:featuredmedia":[{"embeddable":true,"href":"https:\/\/www.buroperiodistico.com.mx\/index.php?rest_route=\/wp\/v2\/media\/228765"}],"wp:attachment":[{"href":"https:\/\/www.buroperiodistico.com.mx\/index.php?rest_route=%2Fwp%2Fv2%2Fmedia&parent=228761"}],"wp:term":[{"taxonomy":"category","embeddable":true,"href":"https:\/\/www.buroperiodistico.com.mx\/index.php?rest_route=%2Fwp%2Fv2%2Fcategories&post=228761"},{"taxonomy":"post_tag","embeddable":true,"href":"https:\/\/www.buroperiodistico.com.mx\/index.php?rest_route=%2Fwp%2Fv2%2Ftags&post=228761"}],"curies":[{"name":"wp","href":"https:\/\/api.w.org\/{rel}","templated":true}]}}