{"id":228752,"date":"2026-09-01T15:25:50","date_gmt":"2026-09-01T20:25:50","guid":{"rendered":"https:\/\/www.buroperiodistico.com.mx\/?p=228752"},"modified":"2026-09-01T15:25:50","modified_gmt":"2026-09-01T20:25:50","slug":"llevo-carlos-pena-ortiz-brigada-dif-en-tu-colonia-a-la-benito-juarez","status":"publish","type":"post","link":"https:\/\/www.buroperiodistico.com.mx\/?p=228752","title":{"rendered":"Llev\u00f3 Carlos Pe\u00f1a Ortiz Brigada DIF En Tu Colonia a la Benito Ju\u00e1rez"},"content":{"rendered":"<p><em><strong><img loading=\"lazy\" decoding=\"async\" class=\" wp-image-228759 alignright\" src=\"https:\/\/www.buroperiodistico.com.mx\/wp-content\/uploads\/2026\/09\/Alcalx.jpg\" alt=\"\" width=\"533\" height=\"337\" srcset=\"https:\/\/www.buroperiodistico.com.mx\/wp-content\/uploads\/2026\/09\/Alcalx.jpg 1024w, https:\/\/www.buroperiodistico.com.mx\/wp-content\/uploads\/2026\/09\/Alcalx-300x190.jpg 300w, https:\/\/www.buroperiodistico.com.mx\/wp-content\/uploads\/2026\/09\/Alcalx-768x485.jpg 768w\" sizes=\"auto, (max-width: 533px) 100vw, 533px\" \/>Reynosa, Tam (1-Septiembre-2026).-<\/strong><\/em> El Presidente Municipal de Reynosa, Carlos Pe\u00f1a Ortiz, encabez\u00f3 la Brigada DIF En Tu Colonia, \u00abD\u00eda del Pueblo\u00bb en la Escuela Secundaria T\u00e9cnica N\u00famero 45 Ignacio Manuel Altamirano, que dirige el Maestro Francisco Javier Hinojosa Saucedo, llevando programas y servicios gratuitos a las familias de la Benito Ju\u00e1rez y colonias aleda\u00f1as.<\/p>\n<p>Durante la jornada, el Alcalde, -acompa\u00f1ado por la Directora del organismo, Gabriela Rosas Blanco; por el Secretario de Bienestar Social, Hugo Felipe Ch\u00e1vez Herrera, y por el Gerente T\u00e9cnico de la COMAPA, Jos\u00e9 Guadalupe Cant\u00fa Viera-, entreg\u00f3 apoyos alimentarios, paquetes del programa Mi Primer Regalo para mam\u00e1s y reci\u00e9n nacidos, as\u00ed como sillas de ruedas a personas que m\u00e1s lo necesitan, adem\u00e1s de invitarlos a beneficiarse del subsidio del Programa para la Gesti\u00f3n Integral del Agua, refrendando el compromiso de un Gobierno cercano y humano.<\/p>\n<p>\u00abGracias a todos por acompa\u00f1arnos, por siempre recibirme de la mejor manera. Espero que se acerquen a todos los m\u00f3dulos para que conozcan lo que hace el Gobierno Municipal, a d\u00f3nde pueden acudir si tienen alguna necesidad en su casa, para ustedes, para un familiar, para un vecino\u00bb, expres\u00f3 Carlos Pe\u00f1a Ortiz.<\/p>\n<p>El Alcalde agradeci\u00f3 al Director por abrir las puertas de la instituci\u00f3n para la realizaci\u00f3n de esta brigada en la que se cuenta con becas para ni\u00f1os con c\u00e1ncer, becas para ni\u00f1os con discapacidad, becas para hijos y hermanos de personas en el penal, programa de sillas de ruedas, andadores, bastones, muletas, aparatos auditivos, lentes, cirug\u00edas de catarata y carnosidad, ayuda jur\u00eddica, psicol\u00f3gica y rehabilitaciones que son ofrecidas a trav\u00e9s de la Brigada \u00abD\u00eda del Pueblo\u00bb.<\/p>\n<p>#ReynosaImparable<br \/>\n#GobiernoDeReynosa<\/p>\n<p><img loading=\"lazy\" decoding=\"async\" class=\"aligncenter size-full wp-image-228753\" src=\"https:\/\/www.buroperiodistico.com.mx\/wp-content\/uploads\/2026\/09\/Alcalx-I.jpg\" alt=\"\" width=\"640\" height=\"427\" srcset=\"https:\/\/www.buroperiodistico.com.mx\/wp-content\/uploads\/2026\/09\/Alcalx-I.jpg 640w, https:\/\/www.buroperiodistico.com.mx\/wp-content\/uploads\/2026\/09\/Alcalx-I-300x200.jpg 300w\" sizes=\"auto, (max-width: 640px) 100vw, 640px\" \/> <img loading=\"lazy\" decoding=\"async\" class=\"aligncenter size-full wp-image-228758\" src=\"https:\/\/www.buroperiodistico.com.mx\/wp-content\/uploads\/2026\/09\/Alcalx-IIIIII.jpg\" alt=\"\" width=\"640\" height=\"427\" srcset=\"https:\/\/www.buroperiodistico.com.mx\/wp-content\/uploads\/2026\/09\/Alcalx-IIIIII.jpg 640w, https:\/\/www.buroperiodistico.com.mx\/wp-content\/uploads\/2026\/09\/Alcalx-IIIIII-300x200.jpg 300w\" sizes=\"auto, (max-width: 640px) 100vw, 640px\" \/> <img loading=\"lazy\" decoding=\"async\" class=\"aligncenter size-full wp-image-228757\" src=\"https:\/\/www.buroperiodistico.com.mx\/wp-content\/uploads\/2026\/09\/Alcalx-IIIII.jpg\" alt=\"\" width=\"640\" height=\"427\" srcset=\"https:\/\/www.buroperiodistico.com.mx\/wp-content\/uploads\/2026\/09\/Alcalx-IIIII.jpg 640w, https:\/\/www.buroperiodistico.com.mx\/wp-content\/uploads\/2026\/09\/Alcalx-IIIII-300x200.jpg 300w\" sizes=\"auto, (max-width: 640px) 100vw, 640px\" \/> <img loading=\"lazy\" decoding=\"async\" class=\"aligncenter size-full wp-image-228756\" src=\"https:\/\/www.buroperiodistico.com.mx\/wp-content\/uploads\/2026\/09\/Alcalx-IIII.jpg\" alt=\"\" width=\"640\" height=\"427\" srcset=\"https:\/\/www.buroperiodistico.com.mx\/wp-content\/uploads\/2026\/09\/Alcalx-IIII.jpg 640w, https:\/\/www.buroperiodistico.com.mx\/wp-content\/uploads\/2026\/09\/Alcalx-IIII-300x200.jpg 300w\" sizes=\"auto, (max-width: 640px) 100vw, 640px\" \/> <img loading=\"lazy\" decoding=\"async\" class=\"aligncenter size-full wp-image-228755\" src=\"https:\/\/www.buroperiodistico.com.mx\/wp-content\/uploads\/2026\/09\/Alcalx-III.jpg\" alt=\"\" width=\"640\" height=\"427\" srcset=\"https:\/\/www.buroperiodistico.com.mx\/wp-content\/uploads\/2026\/09\/Alcalx-III.jpg 640w, https:\/\/www.buroperiodistico.com.mx\/wp-content\/uploads\/2026\/09\/Alcalx-III-300x200.jpg 300w\" sizes=\"auto, (max-width: 640px) 100vw, 640px\" \/> <img loading=\"lazy\" decoding=\"async\" class=\"aligncenter size-full wp-image-228754\" src=\"https:\/\/www.buroperiodistico.com.mx\/wp-content\/uploads\/2026\/09\/Alcalx-II.jpg\" alt=\"\" width=\"640\" height=\"426\" srcset=\"https:\/\/www.buroperiodistico.com.mx\/wp-content\/uploads\/2026\/09\/Alcalx-II.jpg 640w, https:\/\/www.buroperiodistico.com.mx\/wp-content\/uploads\/2026\/09\/Alcalx-II-300x200.jpg 300w\" sizes=\"auto, (max-width: 640px) 100vw, 640px\" \/><\/p>\n","protected":false},"excerpt":{"rendered":"<p>Reynosa, Tam (1-Septiembre-2026).- El Presidente Municipal de Reynosa, Carlos Pe\u00f1a Ortiz, encabez\u00f3 la Brigada DIF&#8230;<\/p>\n","protected":false},"author":1,"featured_media":228759,"comment_status":"closed","ping_status":"closed","sticky":false,"template":"","format":"standard","meta":{"footnotes":"","jetpack_publicize_message":"","jetpack_publicize_feature_enabled":true,"jetpack_social_post_already_shared":true,"jetpack_social_options":{"image_generator_settings":{"template":"highway","default_image_id":0,"font":"","enabled":false},"version":2}},"categories":[25,9],"tags":[],"class_list":["post-228752","post","type-post","status-publish","format-standard","has-post-thumbnail","hentry","category-portada","category-reynosa"],"jetpack_publicize_connections":[],"_links":{"self":[{"href":"https:\/\/www.buroperiodistico.com.mx\/index.php?rest_route=\/wp\/v2\/posts\/228752","targetHints":{"allow":["GET"]}}],"collection":[{"href":"https:\/\/www.buroperiodistico.com.mx\/index.php?rest_route=\/wp\/v2\/posts"}],"about":[{"href":"https:\/\/www.buroperiodistico.com.mx\/index.php?rest_route=\/wp\/v2\/types\/post"}],"author":[{"embeddable":true,"href":"https:\/\/www.buroperiodistico.com.mx\/index.php?rest_route=\/wp\/v2\/users\/1"}],"replies":[{"embeddable":true,"href":"https:\/\/www.buroperiodistico.com.mx\/index.php?rest_route=%2Fwp%2Fv2%2Fcomments&post=228752"}],"version-history":[{"count":1,"href":"https:\/\/www.buroperiodistico.com.mx\/index.php?rest_route=\/wp\/v2\/posts\/228752\/revisions"}],"predecessor-version":[{"id":228760,"href":"https:\/\/www.buroperiodistico.com.mx\/index.php?rest_route=\/wp\/v2\/posts\/228752\/revisions\/228760"}],"wp:featuredmedia":[{"embeddable":true,"href":"https:\/\/www.buroperiodistico.com.mx\/index.php?rest_route=\/wp\/v2\/media\/228759"}],"wp:attachment":[{"href":"https:\/\/www.buroperiodistico.com.mx\/index.php?rest_route=%2Fwp%2Fv2%2Fmedia&parent=228752"}],"wp:term":[{"taxonomy":"category","embeddable":true,"href":"https:\/\/www.buroperiodistico.com.mx\/index.php?rest_route=%2Fwp%2Fv2%2Fcategories&post=228752"},{"taxonomy":"post_tag","embeddable":true,"href":"https:\/\/www.buroperiodistico.com.mx\/index.php?rest_route=%2Fwp%2Fv2%2Ftags&post=228752"}],"curies":[{"name":"wp","href":"https:\/\/api.w.org\/{rel}","templated":true}]}}