{"id":228745,"date":"2026-09-01T14:21:51","date_gmt":"2026-09-01T19:21:51","guid":{"rendered":"https:\/\/www.buroperiodistico.com.mx\/?p=228745"},"modified":"2026-09-01T14:21:51","modified_gmt":"2026-09-01T19:21:51","slug":"presentan-proyecto-de-rehabilitacion-de-el-camalote-ante-habitantes-de-panuco","status":"publish","type":"post","link":"https:\/\/www.buroperiodistico.com.mx\/?p=228745","title":{"rendered":"Presentan proyecto de rehabilitaci\u00f3n de \u201cEl Camalote\u201d ante habitantes de P\u00e1nuco"},"content":{"rendered":"<p><em><strong><img loading=\"lazy\" decoding=\"async\" class=\" wp-image-228749 alignright\" src=\"https:\/\/www.buroperiodistico.com.mx\/wp-content\/uploads\/2026\/09\/SRHPanuco.jpeg\" alt=\"\" width=\"528\" height=\"322\" srcset=\"https:\/\/www.buroperiodistico.com.mx\/wp-content\/uploads\/2026\/09\/SRHPanuco.jpeg 1024w, https:\/\/www.buroperiodistico.com.mx\/wp-content\/uploads\/2026\/09\/SRHPanuco-300x183.jpeg 300w, https:\/\/www.buroperiodistico.com.mx\/wp-content\/uploads\/2026\/09\/SRHPanuco-768x469.jpeg 768w\" sizes=\"auto, (max-width: 528px) 100vw, 528px\" \/>P\u00e1nuco, Veracruz (1-Septiembre-2026).-<\/strong><\/em> Con el objetivo de avanzar en una soluci\u00f3n integral para la zona de influencia del sistema lagunario del r\u00edo P\u00e1nuco, el secretario de Recursos Hidr\u00e1ulicos para el Desarrollo Social, Ra\u00fal Quiroga \u00c1lvarez, y la alcaldesa de P\u00e1nuco, Maura Anel Delgado Castillo, encabezaron una reuni\u00f3n con habitantes del ejido Mata de la Monteada, donde se present\u00f3 el proyecto de rehabilitaci\u00f3n de la estructura de control \u201cEl Camalote\u201d.<\/p>\n<p>Durante el encuentro se dieron a conocer las caracter\u00edsticas y alcances del proyecto, que contempla adecuaciones para permitir el paso de embarcaciones menores y peces entre P\u00e1nuco y Altamira, como parte de las acciones encaminadas a mejorar las condiciones hidr\u00e1ulicas, de movilidad y ambientales de la zona.<\/p>\n<p>Uno de los principales objetivos de la reuni\u00f3n fue escuchar directamente a los habitantes de la comunidad. Durante el di\u00e1logo se recibieron opiniones, inquietudes y propuestas que ser\u00e1n incorporadas a la mesa de trabajo para fortalecer el proyecto y contribuir a la construcci\u00f3n de alternativas que respondan a las necesidades de la localidad.<\/p>\n<p>El secretario Ra\u00fal Quiroga \u00c1lvarez destac\u00f3 que este proceso requiere continuidad y participaci\u00f3n de los distintos sectores involucrados, por lo que se\u00f1al\u00f3 que se mantendr\u00e1 un seguimiento cercano a los trabajos.<\/p>\n<p>\u201cHaremos visitas peri\u00f3dicas en donde daremos seguimiento y presentaremos los informes de c\u00f3mo vaya evolucionando la participaci\u00f3n en la b\u00fasqueda de solucionar un tema tan fundamental\u201d, precis\u00f3.<\/p>\n<p>La reuni\u00f3n cont\u00f3 con la participaci\u00f3n del vicealmirante de la Armada de M\u00e9xico, Fernando Rodr\u00edguez Cuevas; el director general del Organismo de Cuenca Golfo Norte, Jaime Cano P\u00e9rez; el alcalde de Altamira, Armando Mart\u00ednez Manr\u00edquez, y Luis Apperti Llovet, representante de la AISTAC.<\/p>\n<p>Tambi\u00e9n estuvieron presentes los gerentes generales de COMAPA Sur y COMAPA Altamira, as\u00ed como representantes de los ayuntamientos de Tampico y Ciudad Madero, quienes aportaron sus puntos de vista y planteamientos en torno al proyecto.<\/p>\n<p><img loading=\"lazy\" decoding=\"async\" class=\"aligncenter size-full wp-image-228746\" src=\"https:\/\/www.buroperiodistico.com.mx\/wp-content\/uploads\/2026\/09\/SRHPanuco-I.jpeg\" alt=\"\" width=\"640\" height=\"425\" srcset=\"https:\/\/www.buroperiodistico.com.mx\/wp-content\/uploads\/2026\/09\/SRHPanuco-I.jpeg 640w, https:\/\/www.buroperiodistico.com.mx\/wp-content\/uploads\/2026\/09\/SRHPanuco-I-300x199.jpeg 300w\" sizes=\"auto, (max-width: 640px) 100vw, 640px\" \/> <img loading=\"lazy\" decoding=\"async\" class=\"aligncenter size-full wp-image-228748\" src=\"https:\/\/www.buroperiodistico.com.mx\/wp-content\/uploads\/2026\/09\/SRHPanuco-III.jpeg\" alt=\"\" width=\"640\" height=\"425\" srcset=\"https:\/\/www.buroperiodistico.com.mx\/wp-content\/uploads\/2026\/09\/SRHPanuco-III.jpeg 640w, https:\/\/www.buroperiodistico.com.mx\/wp-content\/uploads\/2026\/09\/SRHPanuco-III-300x199.jpeg 300w\" sizes=\"auto, (max-width: 640px) 100vw, 640px\" \/> <img loading=\"lazy\" decoding=\"async\" class=\"aligncenter size-full wp-image-228747\" src=\"https:\/\/www.buroperiodistico.com.mx\/wp-content\/uploads\/2026\/09\/SRHPanuco-II.jpeg\" alt=\"\" width=\"640\" height=\"425\" srcset=\"https:\/\/www.buroperiodistico.com.mx\/wp-content\/uploads\/2026\/09\/SRHPanuco-II.jpeg 640w, https:\/\/www.buroperiodistico.com.mx\/wp-content\/uploads\/2026\/09\/SRHPanuco-II-300x199.jpeg 300w\" sizes=\"auto, (max-width: 640px) 100vw, 640px\" \/><\/p>\n","protected":false},"excerpt":{"rendered":"<p>P\u00e1nuco, Veracruz (1-Septiembre-2026).- Con el objetivo de avanzar en una soluci\u00f3n integral para la zona&#8230;<\/p>\n","protected":false},"author":1,"featured_media":228749,"comment_status":"closed","ping_status":"closed","sticky":false,"template":"","format":"standard","meta":{"footnotes":"","jetpack_publicize_message":"","jetpack_publicize_feature_enabled":true,"jetpack_social_post_already_shared":true,"jetpack_social_options":{"image_generator_settings":{"template":"highway","default_image_id":0,"font":"","enabled":false},"version":2}},"categories":[10],"tags":[],"class_list":["post-228745","post","type-post","status-publish","format-standard","has-post-thumbnail","hentry","category-tamaulipas"],"jetpack_publicize_connections":[],"_links":{"self":[{"href":"https:\/\/www.buroperiodistico.com.mx\/index.php?rest_route=\/wp\/v2\/posts\/228745","targetHints":{"allow":["GET"]}}],"collection":[{"href":"https:\/\/www.buroperiodistico.com.mx\/index.php?rest_route=\/wp\/v2\/posts"}],"about":[{"href":"https:\/\/www.buroperiodistico.com.mx\/index.php?rest_route=\/wp\/v2\/types\/post"}],"author":[{"embeddable":true,"href":"https:\/\/www.buroperiodistico.com.mx\/index.php?rest_route=\/wp\/v2\/users\/1"}],"replies":[{"embeddable":true,"href":"https:\/\/www.buroperiodistico.com.mx\/index.php?rest_route=%2Fwp%2Fv2%2Fcomments&post=228745"}],"version-history":[{"count":1,"href":"https:\/\/www.buroperiodistico.com.mx\/index.php?rest_route=\/wp\/v2\/posts\/228745\/revisions"}],"predecessor-version":[{"id":228750,"href":"https:\/\/www.buroperiodistico.com.mx\/index.php?rest_route=\/wp\/v2\/posts\/228745\/revisions\/228750"}],"wp:featuredmedia":[{"embeddable":true,"href":"https:\/\/www.buroperiodistico.com.mx\/index.php?rest_route=\/wp\/v2\/media\/228749"}],"wp:attachment":[{"href":"https:\/\/www.buroperiodistico.com.mx\/index.php?rest_route=%2Fwp%2Fv2%2Fmedia&parent=228745"}],"wp:term":[{"taxonomy":"category","embeddable":true,"href":"https:\/\/www.buroperiodistico.com.mx\/index.php?rest_route=%2Fwp%2Fv2%2Fcategories&post=228745"},{"taxonomy":"post_tag","embeddable":true,"href":"https:\/\/www.buroperiodistico.com.mx\/index.php?rest_route=%2Fwp%2Fv2%2Ftags&post=228745"}],"curies":[{"name":"wp","href":"https:\/\/api.w.org\/{rel}","templated":true}]}}