{"id":228741,"date":"2026-09-01T14:05:35","date_gmt":"2026-09-01T19:05:35","guid":{"rendered":"https:\/\/www.buroperiodistico.com.mx\/?p=228741"},"modified":"2026-09-01T14:05:35","modified_gmt":"2026-09-01T19:05:35","slug":"con-el-apoyo-del-gobierno-de-reynosa-el-equipo-de-natacion-del-imd-sube-al-podio","status":"publish","type":"post","link":"https:\/\/www.buroperiodistico.com.mx\/?p=228741","title":{"rendered":"Con el apoyo del Gobierno de Reynosa, el equipo de Nataci\u00f3n del IMD sube al podio"},"content":{"rendered":"<p><em><strong><img loading=\"lazy\" decoding=\"async\" class=\" wp-image-228743 alignright\" src=\"https:\/\/www.buroperiodistico.com.mx\/wp-content\/uploads\/2026\/09\/IMDx.jpg\" alt=\"\" width=\"555\" height=\"335\" srcset=\"https:\/\/www.buroperiodistico.com.mx\/wp-content\/uploads\/2026\/09\/IMDx.jpg 1024w, https:\/\/www.buroperiodistico.com.mx\/wp-content\/uploads\/2026\/09\/IMDx-300x181.jpg 300w, https:\/\/www.buroperiodistico.com.mx\/wp-content\/uploads\/2026\/09\/IMDx-768x464.jpg 768w\" sizes=\"auto, (max-width: 555px) 100vw, 555px\" \/>Reynosa, Tam (1-Septiembre-2026).-<\/strong><\/em> Con el respaldo del Alcalde Carlos Pe\u00f1a Ortiz, el equipo Dragones IMD Swim Team tuvo una destacada participaci\u00f3n en el XXIII Festival de Escuelas de Nataci\u00f3n 2026, celebrado en Tampico, Tamaulipas, al conquistar el tercer lugar por equipos.<\/p>\n<p>El Gobierno Municipal felicit\u00f3 a los integrantes de Dragones IMD Swim Team por este importante resultado, reconociendo su esfuerzo, disciplina y dedicaci\u00f3n demostrados durante la competencia.<\/p>\n<p>El Instituto Municipal del Deporte brind\u00f3 acompa\u00f1amiento a los deportistas a trav\u00e9s de sus maestros y entrenadores, quienes estuvieron presentes durante la competencia para apoyar y orientar a los nadadores reynosenses.<\/p>\n<p>#Reynosaimparable<\/p>\n<p><img loading=\"lazy\" decoding=\"async\" class=\"aligncenter size-full wp-image-228742\" src=\"https:\/\/www.buroperiodistico.com.mx\/wp-content\/uploads\/2026\/09\/IMDx-I.jpg\" alt=\"\" width=\"640\" height=\"451\" srcset=\"https:\/\/www.buroperiodistico.com.mx\/wp-content\/uploads\/2026\/09\/IMDx-I.jpg 640w, https:\/\/www.buroperiodistico.com.mx\/wp-content\/uploads\/2026\/09\/IMDx-I-300x211.jpg 300w\" sizes=\"auto, (max-width: 640px) 100vw, 640px\" \/><\/p>\n","protected":false},"excerpt":{"rendered":"<p>Reynosa, Tam (1-Septiembre-2026).- Con el respaldo del Alcalde Carlos Pe\u00f1a Ortiz, el equipo Dragones IMD&#8230;<\/p>\n","protected":false},"author":1,"featured_media":228743,"comment_status":"closed","ping_status":"closed","sticky":false,"template":"","format":"standard","meta":{"footnotes":"","jetpack_publicize_message":"","jetpack_publicize_feature_enabled":true,"jetpack_social_post_already_shared":true,"jetpack_social_options":{"image_generator_settings":{"template":"highway","default_image_id":0,"font":"","enabled":false},"version":2}},"categories":[9],"tags":[],"class_list":["post-228741","post","type-post","status-publish","format-standard","has-post-thumbnail","hentry","category-reynosa"],"jetpack_publicize_connections":[],"_links":{"self":[{"href":"https:\/\/www.buroperiodistico.com.mx\/index.php?rest_route=\/wp\/v2\/posts\/228741","targetHints":{"allow":["GET"]}}],"collection":[{"href":"https:\/\/www.buroperiodistico.com.mx\/index.php?rest_route=\/wp\/v2\/posts"}],"about":[{"href":"https:\/\/www.buroperiodistico.com.mx\/index.php?rest_route=\/wp\/v2\/types\/post"}],"author":[{"embeddable":true,"href":"https:\/\/www.buroperiodistico.com.mx\/index.php?rest_route=\/wp\/v2\/users\/1"}],"replies":[{"embeddable":true,"href":"https:\/\/www.buroperiodistico.com.mx\/index.php?rest_route=%2Fwp%2Fv2%2Fcomments&post=228741"}],"version-history":[{"count":1,"href":"https:\/\/www.buroperiodistico.com.mx\/index.php?rest_route=\/wp\/v2\/posts\/228741\/revisions"}],"predecessor-version":[{"id":228744,"href":"https:\/\/www.buroperiodistico.com.mx\/index.php?rest_route=\/wp\/v2\/posts\/228741\/revisions\/228744"}],"wp:featuredmedia":[{"embeddable":true,"href":"https:\/\/www.buroperiodistico.com.mx\/index.php?rest_route=\/wp\/v2\/media\/228743"}],"wp:attachment":[{"href":"https:\/\/www.buroperiodistico.com.mx\/index.php?rest_route=%2Fwp%2Fv2%2Fmedia&parent=228741"}],"wp:term":[{"taxonomy":"category","embeddable":true,"href":"https:\/\/www.buroperiodistico.com.mx\/index.php?rest_route=%2Fwp%2Fv2%2Fcategories&post=228741"},{"taxonomy":"post_tag","embeddable":true,"href":"https:\/\/www.buroperiodistico.com.mx\/index.php?rest_route=%2Fwp%2Fv2%2Ftags&post=228741"}],"curies":[{"name":"wp","href":"https:\/\/api.w.org\/{rel}","templated":true}]}}