{"id":228736,"date":"2026-09-01T12:58:48","date_gmt":"2026-09-01T17:58:48","guid":{"rendered":"https:\/\/www.buroperiodistico.com.mx\/?p=228736"},"modified":"2026-09-01T12:58:48","modified_gmt":"2026-09-01T17:58:48","slug":"presenta-dif-tamaulipas-la-convocatoria-sociedad-civil-en-transformacion-2026","status":"publish","type":"post","link":"https:\/\/www.buroperiodistico.com.mx\/?p=228736","title":{"rendered":"Presenta DIF Tamaulipas la convocatoria Sociedad Civil en Transformaci\u00f3n 2026"},"content":{"rendered":"<ul>\n<li><strong><em>Organizaciones de la sociedad civil podr\u00e1n acceder a apoyos de 50 mil hasta 100 mil pesos para desarrollar proyectos de impacto ambiental, social o econ\u00f3mico en la poblaci\u00f3n de atenci\u00f3n prioritaria; el registro estar\u00e1 abierto del 1 de septiembre al 4 de octubre<\/em><\/strong><\/li>\n<\/ul>\n<p><strong><img loading=\"lazy\" decoding=\"async\" class=\" wp-image-228737 alignright\" src=\"https:\/\/www.buroperiodistico.com.mx\/wp-content\/uploads\/2026\/09\/DIFTransformacion.jpeg\" alt=\"\" width=\"480\" height=\"298\" srcset=\"https:\/\/www.buroperiodistico.com.mx\/wp-content\/uploads\/2026\/09\/DIFTransformacion.jpeg 1024w, https:\/\/www.buroperiodistico.com.mx\/wp-content\/uploads\/2026\/09\/DIFTransformacion-300x186.jpeg 300w, https:\/\/www.buroperiodistico.com.mx\/wp-content\/uploads\/2026\/09\/DIFTransformacion-768x477.jpeg 768w\" sizes=\"auto, (max-width: 480px) 100vw, 480px\" \/>Ciudad Victoria, Tamaulipas (1-Septiembre-2026).-<\/strong> Con el prop\u00f3sito de impulsar proyectos que contribuyan a mejorar la calidad de vida y el bienestar de la poblaci\u00f3n de atenci\u00f3n prioritaria, el Sistema para el Desarrollo Integral de la Familia de Tamaulipas, que preside la doctora Mar\u00eda de Villarreal, present\u00f3 la convocatoria \u201cSociedad Civil en Transformaci\u00f3n 2026\u201d, dirigida a organizaciones de la sociedad civil que desarrollen iniciativas con impacto ambiental, social o econ\u00f3mico.<\/p>\n<p>A trav\u00e9s de esta convocatoria, las organizaciones podr\u00e1n presentar proyectos que promuevan la participaci\u00f3n de la poblaci\u00f3n y generen cambios positivos en su entorno, adem\u00e1s de fortalecer sus capacidades y el tejido social a largo plazo.<\/p>\n<p>Las iniciativas deber\u00e1n enfocarse en alguna de las siguientes \u00e1reas: atenci\u00f3n a ni\u00f1as, ni\u00f1os y adolescentes; apoyo a familias y mujeres en situaci\u00f3n de vulnerabilidad; prevenci\u00f3n y detecci\u00f3n de la violencia contra ni\u00f1as, ni\u00f1os, adolescentes y mujeres; y protecci\u00f3n de los derechos humanos de grupos vulnerables.<\/p>\n<p>Los proyectos tambi\u00e9n deber\u00e1n estar relacionados con la misi\u00f3n de la organizaci\u00f3n postulante, partir de un diagn\u00f3stico actualizado de la problem\u00e1tica que buscan atender y promover habilidades para la vida entre la poblaci\u00f3n beneficiaria.<\/p>\n<p>Asimismo, deber\u00e1n establecer con claridad los resultados que pretenden alcanzar mediante metas e indicadores, adem\u00e1s de contribuir al fortalecimiento de las capacidades organizativas de la poblaci\u00f3n de atenci\u00f3n prioritaria y atender las causas estructurales de la pobreza.<\/p>\n<p>Entre los requisitos para participar se encuentra que las organizaciones sean donatarias autorizadas, mantengan su autorizaci\u00f3n y deducibilidad durante el periodo de ejecuci\u00f3n del proyecto, cuenten con un \u00f3rgano de gobierno debidamente conformado y tengan una misi\u00f3n y objetivos acordes con las \u00e1reas establecidas en la convocatoria.<\/p>\n<p>Los proyectos deber\u00e1n desarrollarse dentro de alguno de los 43 municipios de Tamaulipas y tendr\u00e1n una duraci\u00f3n de entre tres y seis meses.<\/p>\n<p>Las iniciativas seleccionadas recibir\u00e1n un apoyo econ\u00f3mico de 50 mil hasta 100 mil pesos, de acuerdo con las condiciones establecidas en la convocatoria. El recurso ser\u00e1 entregado en una sola exhibici\u00f3n, despu\u00e9s de la firma del instrumento jur\u00eddico correspondiente.<\/p>\n<p>Las organizaciones interesadas podr\u00e1n registrar su proyecto del 1 de septiembre al 4 de octubre de 2026 a trav\u00e9s del portal oficial: Convocatoria Sociedad Civil en Transformaci\u00f3n 2026.<\/p>\n<p>Adem\u00e1s del registro, deber\u00e1n presentar la documentaci\u00f3n oficial, legal y fiscal que acredite su funcionamiento vigente, correcto y transparente.<\/p>\n<p>Las iniciativas ser\u00e1n revisadas y valoradas por un comit\u00e9 y un grupo de evaluadores, conforme a los criterios establecidos en la convocatoria<\/p>\n","protected":false},"excerpt":{"rendered":"<p>Organizaciones de la sociedad civil podr\u00e1n acceder a apoyos de 50 mil hasta 100 mil&#8230;<\/p>\n","protected":false},"author":1,"featured_media":228737,"comment_status":"closed","ping_status":"closed","sticky":false,"template":"","format":"standard","meta":{"footnotes":"","jetpack_publicize_message":"","jetpack_publicize_feature_enabled":true,"jetpack_social_post_already_shared":true,"jetpack_social_options":{"image_generator_settings":{"template":"highway","default_image_id":0,"font":"","enabled":false},"version":2}},"categories":[10],"tags":[],"class_list":["post-228736","post","type-post","status-publish","format-standard","has-post-thumbnail","hentry","category-tamaulipas"],"jetpack_publicize_connections":[],"_links":{"self":[{"href":"https:\/\/www.buroperiodistico.com.mx\/index.php?rest_route=\/wp\/v2\/posts\/228736","targetHints":{"allow":["GET"]}}],"collection":[{"href":"https:\/\/www.buroperiodistico.com.mx\/index.php?rest_route=\/wp\/v2\/posts"}],"about":[{"href":"https:\/\/www.buroperiodistico.com.mx\/index.php?rest_route=\/wp\/v2\/types\/post"}],"author":[{"embeddable":true,"href":"https:\/\/www.buroperiodistico.com.mx\/index.php?rest_route=\/wp\/v2\/users\/1"}],"replies":[{"embeddable":true,"href":"https:\/\/www.buroperiodistico.com.mx\/index.php?rest_route=%2Fwp%2Fv2%2Fcomments&post=228736"}],"version-history":[{"count":2,"href":"https:\/\/www.buroperiodistico.com.mx\/index.php?rest_route=\/wp\/v2\/posts\/228736\/revisions"}],"predecessor-version":[{"id":228739,"href":"https:\/\/www.buroperiodistico.com.mx\/index.php?rest_route=\/wp\/v2\/posts\/228736\/revisions\/228739"}],"wp:featuredmedia":[{"embeddable":true,"href":"https:\/\/www.buroperiodistico.com.mx\/index.php?rest_route=\/wp\/v2\/media\/228737"}],"wp:attachment":[{"href":"https:\/\/www.buroperiodistico.com.mx\/index.php?rest_route=%2Fwp%2Fv2%2Fmedia&parent=228736"}],"wp:term":[{"taxonomy":"category","embeddable":true,"href":"https:\/\/www.buroperiodistico.com.mx\/index.php?rest_route=%2Fwp%2Fv2%2Fcategories&post=228736"},{"taxonomy":"post_tag","embeddable":true,"href":"https:\/\/www.buroperiodistico.com.mx\/index.php?rest_route=%2Fwp%2Fv2%2Ftags&post=228736"}],"curies":[{"name":"wp","href":"https:\/\/api.w.org\/{rel}","templated":true}]}}