{"id":228731,"date":"2026-09-01T12:20:55","date_gmt":"2026-09-01T17:20:55","guid":{"rendered":"https:\/\/www.buroperiodistico.com.mx\/?p=228731"},"modified":"2026-09-01T12:20:55","modified_gmt":"2026-09-01T17:20:55","slug":"reconoce-gobierno-de-carlos-pena-ortiz-talento-de-adultos-en-taller-de-verano-50-anos-y-mas","status":"publish","type":"post","link":"https:\/\/www.buroperiodistico.com.mx\/?p=228731","title":{"rendered":"Reconoce Gobierno de Carlos Pe\u00f1a Ortiz talento de adultos en Taller de Verano \u00ab50 A\u00f1os y m\u00e1s\u00bb"},"content":{"rendered":"<p><em><strong><img loading=\"lazy\" decoding=\"async\" class=\" wp-image-228734 alignright\" src=\"https:\/\/www.buroperiodistico.com.mx\/wp-content\/uploads\/2026\/09\/IRCAx.jpg\" alt=\"\" width=\"487\" height=\"283\" srcset=\"https:\/\/www.buroperiodistico.com.mx\/wp-content\/uploads\/2026\/09\/IRCAx.jpg 1024w, https:\/\/www.buroperiodistico.com.mx\/wp-content\/uploads\/2026\/09\/IRCAx-300x174.jpg 300w, https:\/\/www.buroperiodistico.com.mx\/wp-content\/uploads\/2026\/09\/IRCAx-768x446.jpg 768w\" sizes=\"auto, (max-width: 487px) 100vw, 487px\" \/>Reynosa, Tam (1-Septiembre-2026).-<\/strong><\/em> Siguiendo instrucciones del Alcalde Carlos Pe\u00f1a Ortiz, el Instituto Reynosense para la Cultura y las Artes, IRCA, clausur\u00f3 el Taller de Verano \u00ab50 A\u00f1os y m\u00e1s\u00bb en el Auditorio 1 de la sede Longoria.<\/p>\n<p>La ceremonia inici\u00f3 con un mensaje de la Directora del Instituto, Mar\u00eda Esther Camargo F\u00e9lix y la proyecci\u00f3n de un video en el que algunos alumnos agradecieron a la administraci\u00f3n municipal 2024-2027 por ofrecer espacios gratuitos dedicados al arte.<\/p>\n<p>Los Maestros Isabel Merino, Martha Valdivia Jim\u00e9nez, Alondra Vega, Andrea Tierra Blanca, Eduardo Calder\u00f3n Castillo, Sebasti\u00e1n Rivera Robledo, Jos\u00e9 Fernando Becerra Ram\u00edrez, Jes\u00fas Fernando de Luna Santos, Estefan\u00eda Acosta Franco y Jos\u00e9 Alfredo Gasca Ram\u00edrez dirigieron los bloques de sus respectivos talleres.<\/p>\n<p>Finalmente, se entregaron constancias de participaci\u00f3n y se realiz\u00f3 un recorrido por la galer\u00eda del IRCA para dar a conocer las piezas y trabajos finales de los alumnos.<\/p>\n<p>#ReynosaImparable #Reynosa #Tamaulipas<\/p>\n<p><img loading=\"lazy\" decoding=\"async\" class=\"aligncenter size-full wp-image-228733\" src=\"https:\/\/www.buroperiodistico.com.mx\/wp-content\/uploads\/2026\/09\/IRCAx-I.jpg\" alt=\"\" width=\"640\" height=\"428\" srcset=\"https:\/\/www.buroperiodistico.com.mx\/wp-content\/uploads\/2026\/09\/IRCAx-I.jpg 640w, https:\/\/www.buroperiodistico.com.mx\/wp-content\/uploads\/2026\/09\/IRCAx-I-300x201.jpg 300w\" sizes=\"auto, (max-width: 640px) 100vw, 640px\" \/><\/p>\n","protected":false},"excerpt":{"rendered":"<p>Reynosa, Tam (1-Septiembre-2026).- Siguiendo instrucciones del Alcalde Carlos Pe\u00f1a Ortiz, el Instituto Reynosense para la&#8230;<\/p>\n","protected":false},"author":1,"featured_media":228734,"comment_status":"closed","ping_status":"closed","sticky":false,"template":"","format":"standard","meta":{"footnotes":"","jetpack_publicize_message":"","jetpack_publicize_feature_enabled":true,"jetpack_social_post_already_shared":true,"jetpack_social_options":{"image_generator_settings":{"template":"highway","default_image_id":0,"font":"","enabled":false},"version":2}},"categories":[9],"tags":[],"class_list":["post-228731","post","type-post","status-publish","format-standard","has-post-thumbnail","hentry","category-reynosa"],"jetpack_publicize_connections":[],"_links":{"self":[{"href":"https:\/\/www.buroperiodistico.com.mx\/index.php?rest_route=\/wp\/v2\/posts\/228731","targetHints":{"allow":["GET"]}}],"collection":[{"href":"https:\/\/www.buroperiodistico.com.mx\/index.php?rest_route=\/wp\/v2\/posts"}],"about":[{"href":"https:\/\/www.buroperiodistico.com.mx\/index.php?rest_route=\/wp\/v2\/types\/post"}],"author":[{"embeddable":true,"href":"https:\/\/www.buroperiodistico.com.mx\/index.php?rest_route=\/wp\/v2\/users\/1"}],"replies":[{"embeddable":true,"href":"https:\/\/www.buroperiodistico.com.mx\/index.php?rest_route=%2Fwp%2Fv2%2Fcomments&post=228731"}],"version-history":[{"count":2,"href":"https:\/\/www.buroperiodistico.com.mx\/index.php?rest_route=\/wp\/v2\/posts\/228731\/revisions"}],"predecessor-version":[{"id":228735,"href":"https:\/\/www.buroperiodistico.com.mx\/index.php?rest_route=\/wp\/v2\/posts\/228731\/revisions\/228735"}],"wp:featuredmedia":[{"embeddable":true,"href":"https:\/\/www.buroperiodistico.com.mx\/index.php?rest_route=\/wp\/v2\/media\/228734"}],"wp:attachment":[{"href":"https:\/\/www.buroperiodistico.com.mx\/index.php?rest_route=%2Fwp%2Fv2%2Fmedia&parent=228731"}],"wp:term":[{"taxonomy":"category","embeddable":true,"href":"https:\/\/www.buroperiodistico.com.mx\/index.php?rest_route=%2Fwp%2Fv2%2Fcategories&post=228731"},{"taxonomy":"post_tag","embeddable":true,"href":"https:\/\/www.buroperiodistico.com.mx\/index.php?rest_route=%2Fwp%2Fv2%2Ftags&post=228731"}],"curies":[{"name":"wp","href":"https:\/\/api.w.org\/{rel}","templated":true}]}}