{"id":228727,"date":"2026-09-01T11:16:49","date_gmt":"2026-09-01T16:16:49","guid":{"rendered":"https:\/\/www.buroperiodistico.com.mx\/?p=228727"},"modified":"2026-09-01T11:16:49","modified_gmt":"2026-09-01T16:16:49","slug":"controla-incendio-proteccion-civil-y-bomberos-de-reynosa-con-espuma-especial","status":"publish","type":"post","link":"https:\/\/www.buroperiodistico.com.mx\/?p=228727","title":{"rendered":"Controla incendio Protecci\u00f3n Civil y Bomberos de Reynosa con espuma especial"},"content":{"rendered":"<p><em><strong><img loading=\"lazy\" decoding=\"async\" class=\" wp-image-228729 alignright\" src=\"https:\/\/www.buroperiodistico.com.mx\/wp-content\/uploads\/2026\/09\/Pcx.jpg\" alt=\"\" width=\"543\" height=\"328\" srcset=\"https:\/\/www.buroperiodistico.com.mx\/wp-content\/uploads\/2026\/09\/Pcx.jpg 1024w, https:\/\/www.buroperiodistico.com.mx\/wp-content\/uploads\/2026\/09\/Pcx-300x181.jpg 300w, https:\/\/www.buroperiodistico.com.mx\/wp-content\/uploads\/2026\/09\/Pcx-768x464.jpg 768w\" sizes=\"auto, (max-width: 543px) 100vw, 543px\" \/>Reynosa, Tam (1-Septiembre-2026).-<\/strong><\/em> Elementos de Protecci\u00f3n Civil y Bomberos de Reynosa utilizaron espuma contra incendio que hace unos d\u00edas recibi\u00f3 en donaci\u00f3n, para controlar de manera segura un veh\u00edculo que derramo combustible inflamable, reduciendo el riesgo de propagaci\u00f3n y protegiendo a la poblaci\u00f3n.<\/p>\n<p>El Gobierno Municipal de Reynosa, encabezado por el Alcalde Carlos Pe\u00f1a Ortiz, mantiene el compromiso de fortalecer la atenci\u00f3n a las emergencias y la seguridad de las familias.<\/p>\n<p>El Coordinador de Protecci\u00f3n Civil y Bomberos, Javier Lam, destac\u00f3 la importancia de contar con personal capacitado y el equipo adecuado para responder oportunamente ante este tipo de situaciones.<\/p>\n<p>#GobiernoMunicipalDeReynosa<br \/>\n#ReynosaImparable<\/p>\n<p><img loading=\"lazy\" decoding=\"async\" class=\"aligncenter size-full wp-image-228728\" src=\"https:\/\/www.buroperiodistico.com.mx\/wp-content\/uploads\/2026\/09\/Pcx-I.jpg\" alt=\"\" width=\"640\" height=\"360\" srcset=\"https:\/\/www.buroperiodistico.com.mx\/wp-content\/uploads\/2026\/09\/Pcx-I.jpg 640w, https:\/\/www.buroperiodistico.com.mx\/wp-content\/uploads\/2026\/09\/Pcx-I-300x169.jpg 300w\" sizes=\"auto, (max-width: 640px) 100vw, 640px\" \/><\/p>\n","protected":false},"excerpt":{"rendered":"<p>Reynosa, Tam (1-Septiembre-2026).- Elementos de Protecci\u00f3n Civil y Bomberos de Reynosa utilizaron espuma contra incendio&#8230;<\/p>\n","protected":false},"author":1,"featured_media":228729,"comment_status":"closed","ping_status":"closed","sticky":false,"template":"","format":"standard","meta":{"footnotes":"","jetpack_publicize_message":"","jetpack_publicize_feature_enabled":true,"jetpack_social_post_already_shared":true,"jetpack_social_options":{"image_generator_settings":{"template":"highway","default_image_id":0,"font":"","enabled":false},"version":2}},"categories":[9],"tags":[],"class_list":["post-228727","post","type-post","status-publish","format-standard","has-post-thumbnail","hentry","category-reynosa"],"jetpack_publicize_connections":[],"_links":{"self":[{"href":"https:\/\/www.buroperiodistico.com.mx\/index.php?rest_route=\/wp\/v2\/posts\/228727","targetHints":{"allow":["GET"]}}],"collection":[{"href":"https:\/\/www.buroperiodistico.com.mx\/index.php?rest_route=\/wp\/v2\/posts"}],"about":[{"href":"https:\/\/www.buroperiodistico.com.mx\/index.php?rest_route=\/wp\/v2\/types\/post"}],"author":[{"embeddable":true,"href":"https:\/\/www.buroperiodistico.com.mx\/index.php?rest_route=\/wp\/v2\/users\/1"}],"replies":[{"embeddable":true,"href":"https:\/\/www.buroperiodistico.com.mx\/index.php?rest_route=%2Fwp%2Fv2%2Fcomments&post=228727"}],"version-history":[{"count":1,"href":"https:\/\/www.buroperiodistico.com.mx\/index.php?rest_route=\/wp\/v2\/posts\/228727\/revisions"}],"predecessor-version":[{"id":228730,"href":"https:\/\/www.buroperiodistico.com.mx\/index.php?rest_route=\/wp\/v2\/posts\/228727\/revisions\/228730"}],"wp:featuredmedia":[{"embeddable":true,"href":"https:\/\/www.buroperiodistico.com.mx\/index.php?rest_route=\/wp\/v2\/media\/228729"}],"wp:attachment":[{"href":"https:\/\/www.buroperiodistico.com.mx\/index.php?rest_route=%2Fwp%2Fv2%2Fmedia&parent=228727"}],"wp:term":[{"taxonomy":"category","embeddable":true,"href":"https:\/\/www.buroperiodistico.com.mx\/index.php?rest_route=%2Fwp%2Fv2%2Fcategories&post=228727"},{"taxonomy":"post_tag","embeddable":true,"href":"https:\/\/www.buroperiodistico.com.mx\/index.php?rest_route=%2Fwp%2Fv2%2Ftags&post=228727"}],"curies":[{"name":"wp","href":"https:\/\/api.w.org\/{rel}","templated":true}]}}