{"id":228687,"date":"2026-08-31T23:15:55","date_gmt":"2026-09-01T04:15:55","guid":{"rendered":"https:\/\/www.buroperiodistico.com.mx\/?p=228687"},"modified":"2026-08-31T23:23:44","modified_gmt":"2026-09-01T04:23:44","slug":"ilumino-servicios-publicos-plaza-de-fuentes-lomas","status":"publish","type":"post","link":"https:\/\/www.buroperiodistico.com.mx\/?p=228687","title":{"rendered":"Ilumin\u00f3 Servicios P\u00fablicos plaza de Fuentes Lomas"},"content":{"rendered":"<p><em><strong><img loading=\"lazy\" decoding=\"async\" class=\" wp-image-228689 alignright\" src=\"https:\/\/www.buroperiodistico.com.mx\/wp-content\/uploads\/2026\/08\/Ilunx.jpg\" alt=\"\" width=\"434\" height=\"253\" srcset=\"https:\/\/www.buroperiodistico.com.mx\/wp-content\/uploads\/2026\/08\/Ilunx.jpg 1024w, https:\/\/www.buroperiodistico.com.mx\/wp-content\/uploads\/2026\/08\/Ilunx-300x175.jpg 300w, https:\/\/www.buroperiodistico.com.mx\/wp-content\/uploads\/2026\/08\/Ilunx-768x448.jpg 768w\" sizes=\"auto, (max-width: 434px) 100vw, 434px\" \/>Reynosa, Tam (31-Agosto-2026).-<\/strong><\/em> Por instrucciones del Presidente Municipal Carlos Pe\u00f1a Ortiz, la Direcci\u00f3n de Alumbrado P\u00fablico rehabilit\u00f3 el sistema de iluminaci\u00f3n en la plaza p\u00fablica ubicada en calle 3 Picos de la colonia Fuentes Secci\u00f3n Lomas.<\/p>\n<p>En el lugar se llev\u00f3 a cabo la instalaci\u00f3n de luminarias con tecnolog\u00eda LED y reconexi\u00f3n de circuitos que se encontraban fuera de servicio, logrando que la plaza quedara totalmente iluminada para beneficio de las familias que acuden a este espacio de convivencia.<\/p>\n<p>Al respecto, el Secretario de Servicios P\u00fablicos, Ing. Jos\u00e9 Antonio Ch\u00e1vez Herrera, destac\u00f3 que por indicaciones del Alcalde se mantiene un programa permanente de mantenimiento y modernizaci\u00f3n del alumbrado en plazas, parques y vialidades, con el objetivo de brindar espacios m\u00e1s seguros y dignos para todos los reynosenses.<\/p>\n<p>#ReynosaImparable #GobiernoMunicipalDeReynosa<\/p>\n<p>&nbsp;<\/p>\n<p><img loading=\"lazy\" decoding=\"async\" class=\"aligncenter size-full wp-image-228688\" src=\"https:\/\/www.buroperiodistico.com.mx\/wp-content\/uploads\/2026\/08\/Ilunx-I.jpg\" alt=\"\" width=\"640\" height=\"299\" srcset=\"https:\/\/www.buroperiodistico.com.mx\/wp-content\/uploads\/2026\/08\/Ilunx-I.jpg 640w, https:\/\/www.buroperiodistico.com.mx\/wp-content\/uploads\/2026\/08\/Ilunx-I-300x140.jpg 300w\" sizes=\"auto, (max-width: 640px) 100vw, 640px\" \/><\/p>\n","protected":false},"excerpt":{"rendered":"<p>Reynosa, Tam (31-Agosto-2026).- Por instrucciones del Presidente Municipal Carlos Pe\u00f1a Ortiz, la Direcci\u00f3n de Alumbrado&#8230;<\/p>\n","protected":false},"author":1,"featured_media":228689,"comment_status":"closed","ping_status":"closed","sticky":false,"template":"","format":"standard","meta":{"footnotes":"","jetpack_publicize_message":"","jetpack_publicize_feature_enabled":true,"jetpack_social_post_already_shared":true,"jetpack_social_options":{"image_generator_settings":{"template":"highway","default_image_id":0,"font":"","enabled":false},"version":2}},"categories":[9],"tags":[],"class_list":["post-228687","post","type-post","status-publish","format-standard","has-post-thumbnail","hentry","category-reynosa"],"jetpack_publicize_connections":[],"_links":{"self":[{"href":"https:\/\/www.buroperiodistico.com.mx\/index.php?rest_route=\/wp\/v2\/posts\/228687","targetHints":{"allow":["GET"]}}],"collection":[{"href":"https:\/\/www.buroperiodistico.com.mx\/index.php?rest_route=\/wp\/v2\/posts"}],"about":[{"href":"https:\/\/www.buroperiodistico.com.mx\/index.php?rest_route=\/wp\/v2\/types\/post"}],"author":[{"embeddable":true,"href":"https:\/\/www.buroperiodistico.com.mx\/index.php?rest_route=\/wp\/v2\/users\/1"}],"replies":[{"embeddable":true,"href":"https:\/\/www.buroperiodistico.com.mx\/index.php?rest_route=%2Fwp%2Fv2%2Fcomments&post=228687"}],"version-history":[{"count":2,"href":"https:\/\/www.buroperiodistico.com.mx\/index.php?rest_route=\/wp\/v2\/posts\/228687\/revisions"}],"predecessor-version":[{"id":228705,"href":"https:\/\/www.buroperiodistico.com.mx\/index.php?rest_route=\/wp\/v2\/posts\/228687\/revisions\/228705"}],"wp:featuredmedia":[{"embeddable":true,"href":"https:\/\/www.buroperiodistico.com.mx\/index.php?rest_route=\/wp\/v2\/media\/228689"}],"wp:attachment":[{"href":"https:\/\/www.buroperiodistico.com.mx\/index.php?rest_route=%2Fwp%2Fv2%2Fmedia&parent=228687"}],"wp:term":[{"taxonomy":"category","embeddable":true,"href":"https:\/\/www.buroperiodistico.com.mx\/index.php?rest_route=%2Fwp%2Fv2%2Fcategories&post=228687"},{"taxonomy":"post_tag","embeddable":true,"href":"https:\/\/www.buroperiodistico.com.mx\/index.php?rest_route=%2Fwp%2Fv2%2Ftags&post=228687"}],"curies":[{"name":"wp","href":"https:\/\/api.w.org\/{rel}","templated":true}]}}