{"id":228683,"date":"2026-08-31T22:35:33","date_gmt":"2026-09-01T03:35:33","guid":{"rendered":"https:\/\/www.buroperiodistico.com.mx\/?p=228683"},"modified":"2026-08-31T22:35:33","modified_gmt":"2026-09-01T03:35:33","slug":"impulsa-carmen-lilia-canturosas-regreso-a-clases-con-uniformes-mochilas-y-utiles-escolares","status":"publish","type":"post","link":"https:\/\/www.buroperiodistico.com.mx\/?p=228683","title":{"rendered":"IMPULSA CARMEN LILIA CANTUROSAS REGRESO A CLASES CON UNIFORMES, MOCHILAS Y \u00daTILES ESCOLARES"},"content":{"rendered":"<p><em><strong><img loading=\"lazy\" decoding=\"async\" class=\" wp-image-228684 alignright\" src=\"https:\/\/www.buroperiodistico.com.mx\/wp-content\/uploads\/2026\/08\/Nuevolarex.jpg\" alt=\"\" width=\"675\" height=\"365\" srcset=\"https:\/\/www.buroperiodistico.com.mx\/wp-content\/uploads\/2026\/08\/Nuevolarex.jpg 1110w, https:\/\/www.buroperiodistico.com.mx\/wp-content\/uploads\/2026\/08\/Nuevolarex-300x162.jpg 300w, https:\/\/www.buroperiodistico.com.mx\/wp-content\/uploads\/2026\/08\/Nuevolarex-1024x554.jpg 1024w, https:\/\/www.buroperiodistico.com.mx\/wp-content\/uploads\/2026\/08\/Nuevolarex-768x415.jpg 768w\" sizes=\"auto, (max-width: 675px) 100vw, 675px\" \/>Nuevo Laredo, Tam (31-Agosto-2026).-<\/strong><\/em> En respaldo a la econom\u00eda familiar y con el objetivo de brindar mejores oportunidades de desarrollo a la ni\u00f1ez y juventud neolaredense, la alcaldesa Carmen Lilia Canturosas Villarreal encabez\u00f3 la entrega de uniformes, mochilas y \u00fatiles escolares en distintos planteles de la ciudad.<\/p>\n<p>La jornada inici\u00f3 en la Preparatoria T\u00e9cnica Municipal Manuel G\u00f3mez Mor\u00edn, donde se otorgaron un total de 8 mil 792 playeras oficiales, destinadas a 8 mil 208 alumnos y 584 integrantes del personal docente y administrativo.<\/p>\n<p>Durante el evento, se realiz\u00f3 tambi\u00e9n la entrega simb\u00f3lica de estos insumos a los directivos de las preparatorias municipales Jos\u00e9 Vasconcelos y Elena Poniatowska, garantizando que el beneficio alcance a la totalidad de sus comunidades escolares.<\/p>\n<p>\u201cHoy me encuentro ante ustedes exactamente como esa amiga de siempre, a quien le llena de orgullo reencontrarse con quienes contin\u00faan avanzando en su bachillerato. Esta bienvenida viene acompa\u00f1ada de compromisos reales con su educaci\u00f3n; por ello, llevamos a cabo la entrega de uniformes para las y los estudiantes de nuestras tres preparatorias municipales\u201d, expres\u00f3 Canturosas Villarreal.<\/p>\n<p>Posteriormente, en la Escuela Primaria Josefa Ortiz de Dom\u00ednguez, ubicada en la colonia Uni\u00f3n del Recuerdo, la presidenta municipal dio banderazo a la distribuci\u00f3n de los paquetes del programa Escuelat\u00f3n, el cual fue impulsado previo al inicio del ciclo escolar en el que la ciudadan\u00eda aport\u00f3 cuadernos, colores, reglas y art\u00edculos diversos.<\/p>\n<p>En esta etapa se repartir\u00e1n 18 mil 841 kits escolares prioritariamente en 300 planteles educativos con mayor grado de vulnerabilidad en la localidad.<\/p>\n<p>\u201cGracias a la hermosa suma de voluntades y al amor de la gente, reunimos la extraordinaria cantidad de 23 mil 302 art\u00edculos escolares, demostrando que Nuevo Laredo es una gran familia unida que cuida e impulsa a sus nuevas generaciones\u201d, destac\u00f3 Carmen Lilia.<\/p>\n<p>Esta estrategia de apoyo directo representa un alivio significativo para el bolsillo de miles de padres de familia que enfrentan los gastos acumulados por el regreso a clases. Al reducir la carga econ\u00f3mica en la compra de listas escolares y vestimenta oficial, la administraci\u00f3n municipal busca frenar la deserci\u00f3n escolar en sectores vulnerables y asegurar que la falta de insumos b\u00e1sicos no sea un impedimento para el aprendizaje.<\/p>\n<p>Asimismo, personal de la Secretar\u00eda de Bienestar Social mantendr\u00e1 brigadas de distribuci\u00f3n permanente durante las pr\u00f3ximas semanas para hacer llegar los paquetes restantes hasta las aulas de los sectores perif\u00e9ricos.<\/p>\n<p>Con esta log\u00edstica coordinada, el Gobierno Municipal garantiza que la cobertura de apoyos se cumpla en tiempo y forma para el arranque del ciclo escolar.<\/p>\n<p>Con estas acciones, el Gobierno de Nuevo Laredo reafirma su compromiso con la educaci\u00f3n p\u00fablica y la infraestructura social, consolidando alianzas entre gobierno y ciudadan\u00eda para transformar la calidad de vida de los estudiantes.<\/p>\n","protected":false},"excerpt":{"rendered":"<p>Nuevo Laredo, Tam (31-Agosto-2026).- En respaldo a la econom\u00eda familiar y con el objetivo de&#8230;<\/p>\n","protected":false},"author":1,"featured_media":228684,"comment_status":"closed","ping_status":"closed","sticky":false,"template":"","format":"standard","meta":{"footnotes":"","jetpack_publicize_message":"","jetpack_publicize_feature_enabled":true,"jetpack_social_post_already_shared":true,"jetpack_social_options":{"image_generator_settings":{"template":"highway","default_image_id":0,"font":"","enabled":false},"version":2}},"categories":[16,25],"tags":[],"class_list":["post-228683","post","type-post","status-publish","format-standard","has-post-thumbnail","hentry","category-nuevolaredo","category-portada"],"jetpack_publicize_connections":[],"_links":{"self":[{"href":"https:\/\/www.buroperiodistico.com.mx\/index.php?rest_route=\/wp\/v2\/posts\/228683","targetHints":{"allow":["GET"]}}],"collection":[{"href":"https:\/\/www.buroperiodistico.com.mx\/index.php?rest_route=\/wp\/v2\/posts"}],"about":[{"href":"https:\/\/www.buroperiodistico.com.mx\/index.php?rest_route=\/wp\/v2\/types\/post"}],"author":[{"embeddable":true,"href":"https:\/\/www.buroperiodistico.com.mx\/index.php?rest_route=\/wp\/v2\/users\/1"}],"replies":[{"embeddable":true,"href":"https:\/\/www.buroperiodistico.com.mx\/index.php?rest_route=%2Fwp%2Fv2%2Fcomments&post=228683"}],"version-history":[{"count":1,"href":"https:\/\/www.buroperiodistico.com.mx\/index.php?rest_route=\/wp\/v2\/posts\/228683\/revisions"}],"predecessor-version":[{"id":228685,"href":"https:\/\/www.buroperiodistico.com.mx\/index.php?rest_route=\/wp\/v2\/posts\/228683\/revisions\/228685"}],"wp:featuredmedia":[{"embeddable":true,"href":"https:\/\/www.buroperiodistico.com.mx\/index.php?rest_route=\/wp\/v2\/media\/228684"}],"wp:attachment":[{"href":"https:\/\/www.buroperiodistico.com.mx\/index.php?rest_route=%2Fwp%2Fv2%2Fmedia&parent=228683"}],"wp:term":[{"taxonomy":"category","embeddable":true,"href":"https:\/\/www.buroperiodistico.com.mx\/index.php?rest_route=%2Fwp%2Fv2%2Fcategories&post=228683"},{"taxonomy":"post_tag","embeddable":true,"href":"https:\/\/www.buroperiodistico.com.mx\/index.php?rest_route=%2Fwp%2Fv2%2Ftags&post=228683"}],"curies":[{"name":"wp","href":"https:\/\/api.w.org\/{rel}","templated":true}]}}