{"id":228677,"date":"2026-08-31T22:28:55","date_gmt":"2026-09-01T03:28:55","guid":{"rendered":"https:\/\/www.buroperiodistico.com.mx\/?p=228677"},"modified":"2026-08-31T22:28:55","modified_gmt":"2026-09-01T03:28:55","slug":"agenda-fronteriza-por-humberto-gutierrez-797","status":"publish","type":"post","link":"https:\/\/www.buroperiodistico.com.mx\/?p=228677","title":{"rendered":"AGENDA FRONTERIZA\/ POR HUMBERTO GUTIERREZ"},"content":{"rendered":"<p style=\"text-align: center;\"><em><strong>DEL JUICIO SOCIAL AL JUICIO JURIDICO<\/strong><\/em><\/p>\n<p><em><strong>(31-Agosto-2026).-<\/strong><\/em> A medida que avanza el tiempo se acerca la fecha que de inicio oficialmente el proceso electoral 2027, a mediados de septiembre y, con ese inicio van a contender en Tamaulipas los partidos pol\u00edticos para la selecci\u00f3n de 43 presidentes municipales, 8 diputaciones federales y 32 locales, adem\u00e1s de regidores y s\u00edndicos. M\u00e1s o menos 500 candidatos, en total de todos los partidos.<\/p>\n<p>Solo para senador y gobernador no.<\/p>\n<p>Estas se iniciar\u00e1n hasta el 2027. El periodo del actual gobernador de Tamaulipas, termina el octubre de 2028.<\/p>\n<p>Hay alguien interesada que le tomen en cuenta a la hora del alumbramiento del candidato a gobernador, que ser\u00e1 all\u00e1 por febrero de 2028.<\/p>\n<p>Los errores que se cometan ser\u00e1n fatales.<\/p>\n<p>Llama la actuaci\u00f3n de la senadora OLGA SOSA que aparece todos los d\u00edas, si o si, en los actos p\u00fablicos del estado con la consiguiente publicidad pagada.<\/p>\n<p>Que, seg\u00fan la tarifa oscila entre 900 mil y un mill\u00f3n por mes.<\/p>\n<p>Publicarse es como cualquier centro de operaci\u00f3n comercial: la publicidad cuesta y, si es pol\u00edtica MAS.<\/p>\n<p>Debe tener patrocinadores muy fuertes para que su presupuesto le permitan autopublicarse, los gastos de vi\u00e1ticos para su equipo, y su vestuario.<\/p>\n<p>Para lo que se requiere gran capital.<\/p>\n<p>Con el sueldo que percibe en el senado, nada mas no cuadra.<\/p>\n<p>Ton\u00b4s de donde ?.<\/p>\n<p>Cada vez que leo una noticia de un rev\u00e9s de naturaleza judicial que sufre el ex Cabeza de Vaca, hay una contraofensiva en contra del gobernador VILLARREAL ANAYA.<\/p>\n<p>\u00bfConcidienc\u00eda?.<\/p>\n<p>La pregunta que existe en el colectivo social es porque si se dice inocente, \u00bfporque no se enfrenta al veredicto de la justicia en M\u00e9xico?.<\/p>\n<p>La gente pregunta el por qu\u00e9 realiza su defensa en los medios afines, si lo que platica no se toma no cuenta en los juicios.<\/p>\n<p>Ahora que puede presentarse a declarar o aclarar las cosas, vive con amparas en la bolsa.<\/p>\n<p>Y, ya declar\u00f3 que quiere competir por la presidencia en el 2030.<\/p>\n<p>Parecer\u00edan sue\u00f1os guajiros.<\/p>\n<p>La defensa en los medios no es garant\u00eda de credibilidad, son los mismos que le dan audiencia, previa paga, si no, no sale.<\/p>\n<p>Menci\u00f3n aparte el que el juicio de la sociedad ya esta hecho.<\/p>\n<p>En fin, ya han pasado cuatro a\u00f1os, lo \u00faltimo que supe es que est\u00e1n tratando de una orden de aprehensi\u00f3n con fines de extradici\u00f3n, o algo as\u00ed.<\/p>\n<p>M\u00e1s vale por voluntad que a fuerza.<\/p>\n<p>Si no lo hace, \u00bfc\u00f3mo va a competir para Presidente de la Naci\u00f3n?.<\/p>\n<p>Si lo hace y gana, resultar\u00eda una demostraci\u00f3n de valent\u00eda, de audacia y se ganar\u00eda el voto de la mayor\u00eda.<\/p>\n<p>Comentaristas de asuntos pol\u00edticos, polit\u00f3logos, en las altas esferas y en las ca\u00f1er\u00edas del drenaje, observan grandes nubarrones en el mes de septiembre, mes de la Patria.<\/p>\n<p>Grandes sorpresas sin duda alguna habr\u00e1n de salir.<\/p>\n<p>Los pr\u00f3fugos de la justicia, nunca ser\u00e1n candidatos a un cargo de elecci\u00f3n en M\u00e9xico. Si acaso candidatos a la bartolina.<\/p>\n<p>Por algo se defienden.<\/p>\n<p>Las acusaciones con respecto al gobernador de Tamaulipas, AMERICO VILLARREAL, tuvieron una repercusi\u00f3n nacional, mostrando la cantidad de recursos econ\u00f3micos que poseen para una campa\u00f1a car\u00edsima, pero sin rumbo y sin destino que al final resultar\u00e1 un boomerang.<\/p>\n<p>El \u00fanico objetivo es desviar la atenci\u00f3n sobre el pr\u00f3fugo Francisco N.<\/p>\n<p>Televisa y Univis\u00f3n mantienen relaciones comerciales que tienden a manosear el asunto, un peri\u00f3dico de Los Angeles, a los comunicadores locales que quieren, desean llevar a AVA al tema de ROCHA MOYA.<\/p>\n<p>A todos ellos, AVA les responde que \u201cson acusaciones falsas, carentes de pruebas y orientadas a confundir a la ciudadan\u00eda\u201d.<\/p>\n<p>Neg\u00f3 estar sujeto a investigaciones en los Estados Unidos: \u201cJam\u00e1s he recibido notificaci\u00f3n, citatorio o comunicaci\u00f3n oficial de alguna autoridad mexicana o de los Estados Unidos\u201d.<\/p>\n<p>No es la primera vez que el gobernador AMERICO VILLARREAL da la cara, se enfrenta al juicio social de los infundios de los medios acusa de propaganda pol\u00edtica que la visten de noticia de \u00faltima hora.<\/p>\n<p>De la propaganda en que se involucra su nombre ha pedido el derecho de r\u00e9plica ante la guerra medi\u00e1tica y sucia que parece que va a continuar, mientras exista un moribundo pol\u00edtico a punto de hacerlo que se presente ante la justicia.<\/p>\n<p>Existen especialistas en desinformar a la poblaci\u00f3n. No hay que hacerle caso si no se \u201c cruza\u201d la informaci\u00f3n.<\/p>\n<p>El Congreso de la Uni\u00f3n recibi\u00f3 una iniciativa de que ning\u00fan extranjero pueda ser electo a un cargo de elecci\u00f3n. El Congreso del Estado, a cargo de HUMBERTO PRIETO est\u00e1 esperando con toda la bater\u00eda pesada para aprobar en lo que concierne a Tamaulipas.<\/p>\n<p>Lo que se pide es que sea Tamaulipas el estado que autorice primero esta iniciativa presidencial para que no se dude la direcci\u00f3n que lleva.<\/p>\n<p>Oiga, le comentar\u00e9 que levanto \u00e1mpulas la cabalgata de la UNIDAD MORENISTA misma que tuvo como organizador al Rector de la UAT, DAMASO ANAYA, all\u00ed se detectaron a aspirantes a regidores, diputados y presidentes municipales, hombres y mujeres.<\/p>\n<p>DAMASO ANAYA es pol\u00edtico de carrera, regidor por Victoria en dos ocasiones, dirigente de la CNOP municipal, Secretario de Agricultura y Rector de la M\u00e1xima Casa de Estudios.<\/p>\n<p>La CABALGATA de la UNIDAD TAMAULIPECA en torno a cerrar filas con la campa\u00f1a de desinformaci\u00f3n agrupo m\u00e1s de dos mil jinetes, entre ellos al alcalde la capital LALO GATTAS.<\/p>\n<p>La lectura es que se prev\u00e9 nuevas responsabilidades.<\/p>\n<p>El gobernador el lunes abrir\u00e1 el ciclo escolar en Soto la Marina.<\/p>\n<p>La alcaldesa de Nuevo Laredo CARMENLILIA CANTUROSAS, recibi\u00f3 a militantes, l\u00edderes y simpatizantes de MORENA para la realizaci\u00f3n de la Asamblea Informativa Municipal. La conclusi\u00f3n de esta asamblea fue la constante atenci\u00f3n en preservar la importancia de la unidad interna frente a la intervenci\u00f3n extranjera que auspician malos mexicanos y traidores a la Patria.<\/p>\n<p>AGENDA FRONTERIZA es una colaboraci\u00f3n de temas relacionados con el desarrollo econ\u00f3mico \u2013 pol\u00edtico del estado de Tamaulipas y sus municipios. se distribuye a trav\u00e9s de la agencia informaci\u00f3n y an\u00e1lisis estad\u00edstico.<\/p>\n<p>mi correo: humbertografico@yahoo.com.mx<\/p>\n<p>PD.- Le deseo pronta recuperaci\u00f3n a JULIO LOYA.<\/p>\n","protected":false},"excerpt":{"rendered":"<p>DEL JUICIO SOCIAL AL JUICIO JURIDICO (31-Agosto-2026).- A medida que avanza el tiempo se acerca&#8230;<\/p>\n","protected":false},"author":1,"featured_media":149410,"comment_status":"closed","ping_status":"closed","sticky":false,"template":"","format":"standard","meta":{"footnotes":"","jetpack_publicize_message":"","jetpack_publicize_feature_enabled":true,"jetpack_social_post_already_shared":true,"jetpack_social_options":{"image_generator_settings":{"template":"highway","default_image_id":0,"font":"","enabled":false},"version":2}},"categories":[23],"tags":[],"class_list":["post-228677","post","type-post","status-publish","format-standard","has-post-thumbnail","hentry","category-columnas"],"jetpack_publicize_connections":[],"_links":{"self":[{"href":"https:\/\/www.buroperiodistico.com.mx\/index.php?rest_route=\/wp\/v2\/posts\/228677","targetHints":{"allow":["GET"]}}],"collection":[{"href":"https:\/\/www.buroperiodistico.com.mx\/index.php?rest_route=\/wp\/v2\/posts"}],"about":[{"href":"https:\/\/www.buroperiodistico.com.mx\/index.php?rest_route=\/wp\/v2\/types\/post"}],"author":[{"embeddable":true,"href":"https:\/\/www.buroperiodistico.com.mx\/index.php?rest_route=\/wp\/v2\/users\/1"}],"replies":[{"embeddable":true,"href":"https:\/\/www.buroperiodistico.com.mx\/index.php?rest_route=%2Fwp%2Fv2%2Fcomments&post=228677"}],"version-history":[{"count":1,"href":"https:\/\/www.buroperiodistico.com.mx\/index.php?rest_route=\/wp\/v2\/posts\/228677\/revisions"}],"predecessor-version":[{"id":228678,"href":"https:\/\/www.buroperiodistico.com.mx\/index.php?rest_route=\/wp\/v2\/posts\/228677\/revisions\/228678"}],"wp:featuredmedia":[{"embeddable":true,"href":"https:\/\/www.buroperiodistico.com.mx\/index.php?rest_route=\/wp\/v2\/media\/149410"}],"wp:attachment":[{"href":"https:\/\/www.buroperiodistico.com.mx\/index.php?rest_route=%2Fwp%2Fv2%2Fmedia&parent=228677"}],"wp:term":[{"taxonomy":"category","embeddable":true,"href":"https:\/\/www.buroperiodistico.com.mx\/index.php?rest_route=%2Fwp%2Fv2%2Fcategories&post=228677"},{"taxonomy":"post_tag","embeddable":true,"href":"https:\/\/www.buroperiodistico.com.mx\/index.php?rest_route=%2Fwp%2Fv2%2Ftags&post=228677"}],"curies":[{"name":"wp","href":"https:\/\/api.w.org\/{rel}","templated":true}]}}