{"id":228662,"date":"2026-08-31T22:09:37","date_gmt":"2026-09-01T03:09:37","guid":{"rendered":"https:\/\/www.buroperiodistico.com.mx\/?p=228662"},"modified":"2026-08-31T22:09:37","modified_gmt":"2026-09-01T03:09:37","slug":"inicia-en-casas-ciclo-escolar-2026-2027","status":"publish","type":"post","link":"https:\/\/www.buroperiodistico.com.mx\/?p=228662","title":{"rendered":"Inicia en Casas ciclo escolar 2026 \u2013 2027"},"content":{"rendered":"<p><em><strong><img loading=\"lazy\" decoding=\"async\" class=\" wp-image-228666 alignright\" src=\"https:\/\/www.buroperiodistico.com.mx\/wp-content\/uploads\/2026\/08\/SRHOrdaz-1.jpeg\" alt=\"\" width=\"509\" height=\"313\" srcset=\"https:\/\/www.buroperiodistico.com.mx\/wp-content\/uploads\/2026\/08\/SRHOrdaz-1.jpeg 1024w, https:\/\/www.buroperiodistico.com.mx\/wp-content\/uploads\/2026\/08\/SRHOrdaz-1-300x185.jpeg 300w, https:\/\/www.buroperiodistico.com.mx\/wp-content\/uploads\/2026\/08\/SRHOrdaz-1-768x473.jpeg 768w\" sizes=\"auto, (max-width: 509px) 100vw, 509px\" \/>Casas, Tamaulipas (31-Agosto-2026).-<\/strong><\/em> En el municipio de Casas, inici\u00f3 el ciclo escolar 2026 &#8211; 2027, con el apoyo a la econom\u00eda de las familias tamaulipecas a trav\u00e9s de inversiones hist\u00f3ricas en becas universales como \u201cBenito Ju\u00e1rez\u201d y ahora la beca \u201cRita Cetina\u201d, que es un derecho universal en la educaci\u00f3n b\u00e1sica, en favor de todas las ni\u00f1as y ni\u00f1os.<\/p>\n<p>As\u00ed lo afirm\u00f3 la secretaria Anticorrupci\u00f3n y Buen Gobierno, Norma Ang\u00e9lica Pedraza Melo, quien asisti\u00f3 con la representaci\u00f3n del gobernador Am\u00e9rico Villarreal Anaya, y en compa\u00f1\u00eda del alcalde Jorge Humberto Hinojosa Garc\u00eda a la ceremonia c\u00edvica de honores a la bandera en la escuela primaria \u201cL\u00e1zaro C\u00e1rdenas\u201d, del ejido del mismo nombre, para llevar un mensaje a la comunidad educativa,<\/p>\n<p>Al hacer uso de la palabra la titular de esta dependencia, destac\u00f3 el trabajo coordinado entre gobierno federal y estatal para fortalecer las pol\u00edticas educativas, y las estrategias que ahora la presidenta Claudia Sheinbaum Pardo, otorga a las comunidades escolares, para fortalecer la salud mental y el bienestar socioemocional entre ellas, \u201cVive Feliz, Vive Saludable\u201d y el \u201cABC de las emociones\u201d, enfocadas en proteger a la ni\u00f1ez de cualquier tipo de riesgo.<\/p>\n<p>En apoyo a la econom\u00eda familiar, en el municipio de Casas, se entregaron 3 mil 075 libros de texto, 623 paquetes de \u00fatiles escolares y 566 paquetes de uniformes escolares, acciones que contribuyen a generar mejores condiciones para el desarrollo acad\u00e9mico de las y los estudiantes.<\/p>\n<p>De esta manera el Gobierno del Estado de Tamaulipas, establece espacios de inclusi\u00f3n, que garantizan aprendizajes fundamentales y lazos de humanismo, que har\u00e1n de las nuevas generaciones, los ciudadanos del ma\u00f1ana, tal como lo estableci\u00f3 en el Programa Estatal de Desarrollo, el gobernador Am\u00e9rico Villarreal Anaya.<\/p>\n<p>En el evento estuvo presente en representaci\u00f3n del secretario de educaci\u00f3n Miguel \u00c1ngel V\u00e1ldez Garc\u00eda, Erika Crespo Castillo, jefa del Sector No 38 de Educaci\u00f3n Primaria.<\/p>\n<p><img loading=\"lazy\" decoding=\"async\" class=\"aligncenter size-full wp-image-228663\" src=\"https:\/\/www.buroperiodistico.com.mx\/wp-content\/uploads\/2026\/08\/SRHOrdaz-I-1.jpeg\" alt=\"\" width=\"640\" height=\"425\" srcset=\"https:\/\/www.buroperiodistico.com.mx\/wp-content\/uploads\/2026\/08\/SRHOrdaz-I-1.jpeg 640w, https:\/\/www.buroperiodistico.com.mx\/wp-content\/uploads\/2026\/08\/SRHOrdaz-I-1-300x199.jpeg 300w\" sizes=\"auto, (max-width: 640px) 100vw, 640px\" \/> <img loading=\"lazy\" decoding=\"async\" class=\"aligncenter size-full wp-image-228665\" src=\"https:\/\/www.buroperiodistico.com.mx\/wp-content\/uploads\/2026\/08\/SRHOrdaz-III-1.jpeg\" alt=\"\" width=\"640\" height=\"425\" srcset=\"https:\/\/www.buroperiodistico.com.mx\/wp-content\/uploads\/2026\/08\/SRHOrdaz-III-1.jpeg 640w, https:\/\/www.buroperiodistico.com.mx\/wp-content\/uploads\/2026\/08\/SRHOrdaz-III-1-300x199.jpeg 300w\" sizes=\"auto, (max-width: 640px) 100vw, 640px\" \/> <img loading=\"lazy\" decoding=\"async\" class=\"aligncenter size-full wp-image-228664\" src=\"https:\/\/www.buroperiodistico.com.mx\/wp-content\/uploads\/2026\/08\/SRHOrdaz-II-1.jpeg\" alt=\"\" width=\"640\" height=\"425\" srcset=\"https:\/\/www.buroperiodistico.com.mx\/wp-content\/uploads\/2026\/08\/SRHOrdaz-II-1.jpeg 640w, https:\/\/www.buroperiodistico.com.mx\/wp-content\/uploads\/2026\/08\/SRHOrdaz-II-1-300x199.jpeg 300w\" sizes=\"auto, (max-width: 640px) 100vw, 640px\" \/><\/p>\n","protected":false},"excerpt":{"rendered":"<p>Casas, Tamaulipas (31-Agosto-2026).- En el municipio de Casas, inici\u00f3 el ciclo escolar 2026 &#8211; 2027,&#8230;<\/p>\n","protected":false},"author":1,"featured_media":228666,"comment_status":"closed","ping_status":"closed","sticky":false,"template":"","format":"standard","meta":{"footnotes":"","jetpack_publicize_message":"","jetpack_publicize_feature_enabled":true,"jetpack_social_post_already_shared":true,"jetpack_social_options":{"image_generator_settings":{"template":"highway","default_image_id":0,"font":"","enabled":false},"version":2}},"categories":[10],"tags":[],"class_list":["post-228662","post","type-post","status-publish","format-standard","has-post-thumbnail","hentry","category-tamaulipas"],"jetpack_publicize_connections":[],"_links":{"self":[{"href":"https:\/\/www.buroperiodistico.com.mx\/index.php?rest_route=\/wp\/v2\/posts\/228662","targetHints":{"allow":["GET"]}}],"collection":[{"href":"https:\/\/www.buroperiodistico.com.mx\/index.php?rest_route=\/wp\/v2\/posts"}],"about":[{"href":"https:\/\/www.buroperiodistico.com.mx\/index.php?rest_route=\/wp\/v2\/types\/post"}],"author":[{"embeddable":true,"href":"https:\/\/www.buroperiodistico.com.mx\/index.php?rest_route=\/wp\/v2\/users\/1"}],"replies":[{"embeddable":true,"href":"https:\/\/www.buroperiodistico.com.mx\/index.php?rest_route=%2Fwp%2Fv2%2Fcomments&post=228662"}],"version-history":[{"count":1,"href":"https:\/\/www.buroperiodistico.com.mx\/index.php?rest_route=\/wp\/v2\/posts\/228662\/revisions"}],"predecessor-version":[{"id":228667,"href":"https:\/\/www.buroperiodistico.com.mx\/index.php?rest_route=\/wp\/v2\/posts\/228662\/revisions\/228667"}],"wp:featuredmedia":[{"embeddable":true,"href":"https:\/\/www.buroperiodistico.com.mx\/index.php?rest_route=\/wp\/v2\/media\/228666"}],"wp:attachment":[{"href":"https:\/\/www.buroperiodistico.com.mx\/index.php?rest_route=%2Fwp%2Fv2%2Fmedia&parent=228662"}],"wp:term":[{"taxonomy":"category","embeddable":true,"href":"https:\/\/www.buroperiodistico.com.mx\/index.php?rest_route=%2Fwp%2Fv2%2Fcategories&post=228662"},{"taxonomy":"post_tag","embeddable":true,"href":"https:\/\/www.buroperiodistico.com.mx\/index.php?rest_route=%2Fwp%2Fv2%2Ftags&post=228662"}],"curies":[{"name":"wp","href":"https:\/\/api.w.org\/{rel}","templated":true}]}}