{"id":228637,"date":"2026-08-31T21:33:34","date_gmt":"2026-09-01T02:33:34","guid":{"rendered":"https:\/\/www.buroperiodistico.com.mx\/?p=228637"},"modified":"2026-08-31T21:33:34","modified_gmt":"2026-09-01T02:33:34","slug":"con-mensaje-del-alcalde-carlos-pena-ortiz-inicio-periodo-escolar-del-instituto-tecnologico-de-reynosa","status":"publish","type":"post","link":"https:\/\/www.buroperiodistico.com.mx\/?p=228637","title":{"rendered":"Con mensaje del Alcalde Carlos Pe\u00f1a Ortiz inici\u00f3 per\u00edodo escolar del Instituto Tecnol\u00f3gico de Reynosa"},"content":{"rendered":"<p><em><strong><img loading=\"lazy\" decoding=\"async\" class=\" wp-image-228646 alignright\" src=\"https:\/\/www.buroperiodistico.com.mx\/wp-content\/uploads\/2026\/08\/CPox-8.jpg\" alt=\"\" width=\"534\" height=\"322\" srcset=\"https:\/\/www.buroperiodistico.com.mx\/wp-content\/uploads\/2026\/08\/CPox-8.jpg 1024w, https:\/\/www.buroperiodistico.com.mx\/wp-content\/uploads\/2026\/08\/CPox-8-300x181.jpg 300w, https:\/\/www.buroperiodistico.com.mx\/wp-content\/uploads\/2026\/08\/CPox-8-768x464.jpg 768w\" sizes=\"auto, (max-width: 534px) 100vw, 534px\" \/>Reynosa, Tam (31-Agosto-2026).-<\/strong><\/em> El Presidente Municipal Carlos Pe\u00f1a Ortiz encabez\u00f3 este lunes 31 de agosto la ceremonia de Arranque del Ciclo Escolar 2026-2027 del Instituto Tecnol\u00f3gico de Reynosa, acompa\u00f1ado del Director de la instituci\u00f3n Dr. Ludovico Hern\u00e1ndez Aguilar y del Profesor Jorge Guadalupe Acu\u00f1a Tob\u00edas, Secretario de Trabajo y Conflictos de Nivel Primaria de la Secci\u00f3n 30 del SNTE.<\/p>\n<p>Durante su mensaje el Alcalde exhort\u00f3 a los j\u00f3venes a encontrar su definici\u00f3n de \u00e9xito y no dejar de luchar por sus sue\u00f1os, \u00abhabr\u00e1 algunos tambi\u00e9n aqu\u00ed que piensan estudiar en el extranjero, irse a trabajar a diferentes partes del mundo. Qu\u00e9 bueno, h\u00e1ganlo, para que podamos traer esas buenas ideas de otras partes del mundo, pero nunca se olviden de Reynosa\u00bb.<\/p>\n<p>El evento cont\u00f3 con la presencia de Jos\u00e9 Hiram Rodr\u00edguez Lim\u00f3n, Secretario de Organizaci\u00f3n II de la Secci\u00f3n 30 del SNTE; del Regidor Arnoldo Trevi\u00f1o Azuela, Coordinador de la Comisi\u00f3n de Educaci\u00f3n del Cabildo; Hugo Felipe Ch\u00e1vez Herrera, Secretario de Bienestar Social Municipal; Jos\u00e9 Eugenio Quiroz Longoria, Director de Educaci\u00f3n Municipal, as\u00ed como de los estudiantes Joseph Antonio Santos Cisneros y F\u00e1tima Betsab\u00e9 R\u00edos D\u00edaz.<\/p>\n<p>#ReynosaImparable<br \/>\n#GobiernoMunicipalDeReynosa<\/p>\n<p><img loading=\"lazy\" decoding=\"async\" class=\"aligncenter size-full wp-image-228638\" src=\"https:\/\/www.buroperiodistico.com.mx\/wp-content\/uploads\/2026\/08\/CPox-I-6.jpg\" alt=\"\" width=\"640\" height=\"427\" srcset=\"https:\/\/www.buroperiodistico.com.mx\/wp-content\/uploads\/2026\/08\/CPox-I-6.jpg 640w, https:\/\/www.buroperiodistico.com.mx\/wp-content\/uploads\/2026\/08\/CPox-I-6-300x200.jpg 300w\" sizes=\"auto, (max-width: 640px) 100vw, 640px\" \/> <img loading=\"lazy\" decoding=\"async\" class=\"aligncenter size-full wp-image-228645\" src=\"https:\/\/www.buroperiodistico.com.mx\/wp-content\/uploads\/2026\/08\/CPox-IIIIIIII.jpg\" alt=\"\" width=\"640\" height=\"427\" srcset=\"https:\/\/www.buroperiodistico.com.mx\/wp-content\/uploads\/2026\/08\/CPox-IIIIIIII.jpg 640w, https:\/\/www.buroperiodistico.com.mx\/wp-content\/uploads\/2026\/08\/CPox-IIIIIIII-300x200.jpg 300w\" sizes=\"auto, (max-width: 640px) 100vw, 640px\" \/> <img loading=\"lazy\" decoding=\"async\" class=\"aligncenter size-full wp-image-228644\" src=\"https:\/\/www.buroperiodistico.com.mx\/wp-content\/uploads\/2026\/08\/CPox-IIIIIII-1.jpg\" alt=\"\" width=\"640\" height=\"427\" srcset=\"https:\/\/www.buroperiodistico.com.mx\/wp-content\/uploads\/2026\/08\/CPox-IIIIIII-1.jpg 640w, https:\/\/www.buroperiodistico.com.mx\/wp-content\/uploads\/2026\/08\/CPox-IIIIIII-1-300x200.jpg 300w\" sizes=\"auto, (max-width: 640px) 100vw, 640px\" \/> <img loading=\"lazy\" decoding=\"async\" class=\"aligncenter size-full wp-image-228643\" src=\"https:\/\/www.buroperiodistico.com.mx\/wp-content\/uploads\/2026\/08\/CPox-IIIIII-2.jpg\" alt=\"\" width=\"640\" height=\"427\" srcset=\"https:\/\/www.buroperiodistico.com.mx\/wp-content\/uploads\/2026\/08\/CPox-IIIIII-2.jpg 640w, https:\/\/www.buroperiodistico.com.mx\/wp-content\/uploads\/2026\/08\/CPox-IIIIII-2-300x200.jpg 300w\" sizes=\"auto, (max-width: 640px) 100vw, 640px\" \/> <img loading=\"lazy\" decoding=\"async\" class=\"aligncenter size-full wp-image-228642\" src=\"https:\/\/www.buroperiodistico.com.mx\/wp-content\/uploads\/2026\/08\/CPox-IIIII-2.jpg\" alt=\"\" width=\"640\" height=\"427\" srcset=\"https:\/\/www.buroperiodistico.com.mx\/wp-content\/uploads\/2026\/08\/CPox-IIIII-2.jpg 640w, https:\/\/www.buroperiodistico.com.mx\/wp-content\/uploads\/2026\/08\/CPox-IIIII-2-300x200.jpg 300w\" sizes=\"auto, (max-width: 640px) 100vw, 640px\" \/> <img loading=\"lazy\" decoding=\"async\" class=\"aligncenter size-full wp-image-228641\" src=\"https:\/\/www.buroperiodistico.com.mx\/wp-content\/uploads\/2026\/08\/CPox-IIII-2.jpg\" alt=\"\" width=\"640\" height=\"427\" srcset=\"https:\/\/www.buroperiodistico.com.mx\/wp-content\/uploads\/2026\/08\/CPox-IIII-2.jpg 640w, https:\/\/www.buroperiodistico.com.mx\/wp-content\/uploads\/2026\/08\/CPox-IIII-2-300x200.jpg 300w\" sizes=\"auto, (max-width: 640px) 100vw, 640px\" \/> <img loading=\"lazy\" decoding=\"async\" class=\"aligncenter size-full wp-image-228640\" src=\"https:\/\/www.buroperiodistico.com.mx\/wp-content\/uploads\/2026\/08\/CPox-III-5.jpg\" alt=\"\" width=\"640\" height=\"427\" srcset=\"https:\/\/www.buroperiodistico.com.mx\/wp-content\/uploads\/2026\/08\/CPox-III-5.jpg 640w, https:\/\/www.buroperiodistico.com.mx\/wp-content\/uploads\/2026\/08\/CPox-III-5-300x200.jpg 300w\" sizes=\"auto, (max-width: 640px) 100vw, 640px\" \/> <img loading=\"lazy\" decoding=\"async\" class=\"aligncenter size-full wp-image-228639\" src=\"https:\/\/www.buroperiodistico.com.mx\/wp-content\/uploads\/2026\/08\/CPox-II-5.jpg\" alt=\"\" width=\"640\" height=\"427\" srcset=\"https:\/\/www.buroperiodistico.com.mx\/wp-content\/uploads\/2026\/08\/CPox-II-5.jpg 640w, https:\/\/www.buroperiodistico.com.mx\/wp-content\/uploads\/2026\/08\/CPox-II-5-300x200.jpg 300w\" sizes=\"auto, (max-width: 640px) 100vw, 640px\" \/><\/p>\n","protected":false},"excerpt":{"rendered":"<p>Reynosa, Tam (31-Agosto-2026).- El Presidente Municipal Carlos Pe\u00f1a Ortiz encabez\u00f3 este lunes 31 de agosto&#8230;<\/p>\n","protected":false},"author":1,"featured_media":228646,"comment_status":"closed","ping_status":"closed","sticky":false,"template":"","format":"standard","meta":{"footnotes":"","jetpack_publicize_message":"","jetpack_publicize_feature_enabled":true,"jetpack_social_post_already_shared":true,"jetpack_social_options":{"image_generator_settings":{"template":"highway","default_image_id":0,"font":"","enabled":false},"version":2}},"categories":[25,9],"tags":[],"class_list":["post-228637","post","type-post","status-publish","format-standard","has-post-thumbnail","hentry","category-portada","category-reynosa"],"jetpack_publicize_connections":[],"_links":{"self":[{"href":"https:\/\/www.buroperiodistico.com.mx\/index.php?rest_route=\/wp\/v2\/posts\/228637","targetHints":{"allow":["GET"]}}],"collection":[{"href":"https:\/\/www.buroperiodistico.com.mx\/index.php?rest_route=\/wp\/v2\/posts"}],"about":[{"href":"https:\/\/www.buroperiodistico.com.mx\/index.php?rest_route=\/wp\/v2\/types\/post"}],"author":[{"embeddable":true,"href":"https:\/\/www.buroperiodistico.com.mx\/index.php?rest_route=\/wp\/v2\/users\/1"}],"replies":[{"embeddable":true,"href":"https:\/\/www.buroperiodistico.com.mx\/index.php?rest_route=%2Fwp%2Fv2%2Fcomments&post=228637"}],"version-history":[{"count":1,"href":"https:\/\/www.buroperiodistico.com.mx\/index.php?rest_route=\/wp\/v2\/posts\/228637\/revisions"}],"predecessor-version":[{"id":228647,"href":"https:\/\/www.buroperiodistico.com.mx\/index.php?rest_route=\/wp\/v2\/posts\/228637\/revisions\/228647"}],"wp:featuredmedia":[{"embeddable":true,"href":"https:\/\/www.buroperiodistico.com.mx\/index.php?rest_route=\/wp\/v2\/media\/228646"}],"wp:attachment":[{"href":"https:\/\/www.buroperiodistico.com.mx\/index.php?rest_route=%2Fwp%2Fv2%2Fmedia&parent=228637"}],"wp:term":[{"taxonomy":"category","embeddable":true,"href":"https:\/\/www.buroperiodistico.com.mx\/index.php?rest_route=%2Fwp%2Fv2%2Fcategories&post=228637"},{"taxonomy":"post_tag","embeddable":true,"href":"https:\/\/www.buroperiodistico.com.mx\/index.php?rest_route=%2Fwp%2Fv2%2Ftags&post=228637"}],"curies":[{"name":"wp","href":"https:\/\/api.w.org\/{rel}","templated":true}]}}