{"id":228631,"date":"2026-08-31T21:17:45","date_gmt":"2026-09-01T02:17:45","guid":{"rendered":"https:\/\/www.buroperiodistico.com.mx\/?p=228631"},"modified":"2026-08-31T21:17:45","modified_gmt":"2026-09-01T02:17:45","slug":"refrenda-secretario-de-recursos-hidraulicos-compromiso-de-tamaulipas-con-la-educacion-en-diaz-ordaz","status":"publish","type":"post","link":"https:\/\/www.buroperiodistico.com.mx\/?p=228631","title":{"rendered":"Refrenda secretario de Recursos Hidr\u00e1ulicos compromiso de Tamaulipas con la educaci\u00f3n en D\u00edaz Ordaz"},"content":{"rendered":"<p><em><strong><img loading=\"lazy\" decoding=\"async\" class=\" wp-image-228635 alignright\" src=\"https:\/\/www.buroperiodistico.com.mx\/wp-content\/uploads\/2026\/08\/SRHOrdaz.jpeg\" alt=\"\" width=\"454\" height=\"265\" srcset=\"https:\/\/www.buroperiodistico.com.mx\/wp-content\/uploads\/2026\/08\/SRHOrdaz.jpeg 1024w, https:\/\/www.buroperiodistico.com.mx\/wp-content\/uploads\/2026\/08\/SRHOrdaz-300x175.jpeg 300w, https:\/\/www.buroperiodistico.com.mx\/wp-content\/uploads\/2026\/08\/SRHOrdaz-768x449.jpeg 768w\" sizes=\"auto, (max-width: 454px) 100vw, 454px\" \/>Gustavo D\u00edaz Ordaz, Tamaulipas (31-Agosto-2026).-<\/strong><\/em> En representaci\u00f3n del gobernador Am\u00e9rico Villarreal, el secretario de Recursos Hidr\u00e1ulicos para el Desarrollo Social, Ra\u00fal Quiroga \u00c1lvarez, acompa\u00f1\u00f3 a la alcaldesa de Gustavo D\u00edaz Ordaz, Nataly Garc\u00eda D\u00edaz, en el arranque del ciclo escolar 2026-2027, realizado en la Escuela Primaria Leona Vicario.<\/p>\n<p>En este plantel, dirigido por la directora Esmeralda Cuevas Flores, resultaron beneficiados 220 estudiantes, como parte del compromiso del Gobierno del Estado con la educaci\u00f3n como motor de transformaci\u00f3n y desarrollo en Tamaulipas.<\/p>\n<p>Como parte del arranque de clases, se entregaron 15,515 libros de texto, 2,916 paquetes de \u00fatiles escolares y 2,530 paquetes de uniformes, con una inversi\u00f3n estatal de 5.405 millones de pesos.<\/p>\n<p>Durante el evento, Quiroga \u00c1lvarez exhort\u00f3 a las ni\u00f1as y ni\u00f1os a dar su mejor esfuerzo en este nuevo ciclo escolar.<\/p>\n<p>\u201cLa idea es que emprendan con entusiasmo y dedicaci\u00f3n este viaje hacia el aprendizaje que hoy inicia y que seguramente les traer\u00e1 nuevas experiencias, los llevar\u00e1 al cultivo de valores que los har\u00e1 mejores humanos y los llevar\u00e1 a un desarrollo con madurez y crecimiento intelectual\u201d, enfatiz\u00f3 el funcionario estatal.<\/p>\n<p>Por su parte, la alcaldesa Nataly Garc\u00eda resalt\u00f3 que nunca antes en la historia hubo un gobierno que se preocupara tanto por la educaci\u00f3n y la econom\u00eda de las familias tamaulipecas.<\/p>\n<p><img loading=\"lazy\" decoding=\"async\" class=\"aligncenter size-full wp-image-228632\" src=\"https:\/\/www.buroperiodistico.com.mx\/wp-content\/uploads\/2026\/08\/SRHOrdaz-I.jpeg\" alt=\"\" width=\"640\" height=\"425\" srcset=\"https:\/\/www.buroperiodistico.com.mx\/wp-content\/uploads\/2026\/08\/SRHOrdaz-I.jpeg 640w, https:\/\/www.buroperiodistico.com.mx\/wp-content\/uploads\/2026\/08\/SRHOrdaz-I-300x199.jpeg 300w\" sizes=\"auto, (max-width: 640px) 100vw, 640px\" \/> <img loading=\"lazy\" decoding=\"async\" class=\"aligncenter size-full wp-image-228634\" src=\"https:\/\/www.buroperiodistico.com.mx\/wp-content\/uploads\/2026\/08\/SRHOrdaz-III.jpeg\" alt=\"\" width=\"640\" height=\"425\" srcset=\"https:\/\/www.buroperiodistico.com.mx\/wp-content\/uploads\/2026\/08\/SRHOrdaz-III.jpeg 640w, https:\/\/www.buroperiodistico.com.mx\/wp-content\/uploads\/2026\/08\/SRHOrdaz-III-300x199.jpeg 300w\" sizes=\"auto, (max-width: 640px) 100vw, 640px\" \/> <img loading=\"lazy\" decoding=\"async\" class=\"aligncenter size-full wp-image-228633\" src=\"https:\/\/www.buroperiodistico.com.mx\/wp-content\/uploads\/2026\/08\/SRHOrdaz-II.jpeg\" alt=\"\" width=\"640\" height=\"425\" srcset=\"https:\/\/www.buroperiodistico.com.mx\/wp-content\/uploads\/2026\/08\/SRHOrdaz-II.jpeg 640w, https:\/\/www.buroperiodistico.com.mx\/wp-content\/uploads\/2026\/08\/SRHOrdaz-II-300x199.jpeg 300w\" sizes=\"auto, (max-width: 640px) 100vw, 640px\" \/><\/p>\n","protected":false},"excerpt":{"rendered":"<p>Gustavo D\u00edaz Ordaz, Tamaulipas (31-Agosto-2026).- En representaci\u00f3n del gobernador Am\u00e9rico Villarreal, el secretario de Recursos&#8230;<\/p>\n","protected":false},"author":1,"featured_media":228635,"comment_status":"closed","ping_status":"closed","sticky":false,"template":"","format":"standard","meta":{"footnotes":"","jetpack_publicize_message":"","jetpack_publicize_feature_enabled":true,"jetpack_social_post_already_shared":true,"jetpack_social_options":{"image_generator_settings":{"template":"highway","default_image_id":0,"font":"","enabled":false},"version":2}},"categories":[10],"tags":[],"class_list":["post-228631","post","type-post","status-publish","format-standard","has-post-thumbnail","hentry","category-tamaulipas"],"jetpack_publicize_connections":[],"_links":{"self":[{"href":"https:\/\/www.buroperiodistico.com.mx\/index.php?rest_route=\/wp\/v2\/posts\/228631","targetHints":{"allow":["GET"]}}],"collection":[{"href":"https:\/\/www.buroperiodistico.com.mx\/index.php?rest_route=\/wp\/v2\/posts"}],"about":[{"href":"https:\/\/www.buroperiodistico.com.mx\/index.php?rest_route=\/wp\/v2\/types\/post"}],"author":[{"embeddable":true,"href":"https:\/\/www.buroperiodistico.com.mx\/index.php?rest_route=\/wp\/v2\/users\/1"}],"replies":[{"embeddable":true,"href":"https:\/\/www.buroperiodistico.com.mx\/index.php?rest_route=%2Fwp%2Fv2%2Fcomments&post=228631"}],"version-history":[{"count":1,"href":"https:\/\/www.buroperiodistico.com.mx\/index.php?rest_route=\/wp\/v2\/posts\/228631\/revisions"}],"predecessor-version":[{"id":228636,"href":"https:\/\/www.buroperiodistico.com.mx\/index.php?rest_route=\/wp\/v2\/posts\/228631\/revisions\/228636"}],"wp:featuredmedia":[{"embeddable":true,"href":"https:\/\/www.buroperiodistico.com.mx\/index.php?rest_route=\/wp\/v2\/media\/228635"}],"wp:attachment":[{"href":"https:\/\/www.buroperiodistico.com.mx\/index.php?rest_route=%2Fwp%2Fv2%2Fmedia&parent=228631"}],"wp:term":[{"taxonomy":"category","embeddable":true,"href":"https:\/\/www.buroperiodistico.com.mx\/index.php?rest_route=%2Fwp%2Fv2%2Fcategories&post=228631"},{"taxonomy":"post_tag","embeddable":true,"href":"https:\/\/www.buroperiodistico.com.mx\/index.php?rest_route=%2Fwp%2Fv2%2Ftags&post=228631"}],"curies":[{"name":"wp","href":"https:\/\/api.w.org\/{rel}","templated":true}]}}