{"id":228611,"date":"2026-08-31T20:41:39","date_gmt":"2026-09-01T01:41:39","guid":{"rendered":"https:\/\/www.buroperiodistico.com.mx\/?p=228611"},"modified":"2026-08-31T20:41:39","modified_gmt":"2026-09-01T01:41:39","slug":"factores-por-juan-jose-ramirez-81","status":"publish","type":"post","link":"https:\/\/www.buroperiodistico.com.mx\/?p=228611","title":{"rendered":"FACTORES\/ Por: Juan Jos\u00e9 Ram\u00edrez"},"content":{"rendered":"<p style=\"text-align: center;\"><em><strong>CABEZA DE VACA NO PUEDE SER CANDIDATO<\/strong><\/em><\/p>\n<p><em><strong>(31-Agosto-2026).-<\/strong><\/em> Luego de que el ex gobernador de Tamaulipas, Francisco Garc\u00eda Cabeza de Vaca, se destapara para la Presidencia de la Rep\u00fablica para el 2030, la presidente de M\u00e9xico, Claudia Sheinbaum dijo que enviar\u00eda una iniciativa para cambiar la Constituci\u00f3n y de esta forma no lleguen ser presidente, ni gobernadores quienes tengan doble nacionalidad.<\/p>\n<p>Estas declaraciones de la presidenta, sin duda no debi\u00f3 de hacerlas ella, porque le dio mucha importancia a un personaje quien tiene por lo menos dos \u00f3rdenes de aprehensi\u00f3n, que no puede estar en M\u00e9xico, pero que adem\u00e1s es odiado por la gran mayor\u00eda de los tamaulipecos donde gobern\u00f3.<\/p>\n<p>Se no hace muy raro que los asesores de Sheinbaum no le hayan dicho las consecuencias que tendr\u00eda esas declaraciones y enviar una iniciativa dirigida al ex gobernador de Tamaulipas, lo que lo engrandeci\u00f3 en las redes sociales y obviamente quienes no lo conocer ya lo ven como una v\u00edctima de la 4T, pero adem\u00e1s le podr\u00edan dar la raz\u00f3n que es un perseguido pol\u00edtico.<\/p>\n<p>Obviamente lo que m\u00e1s tiene en estos momentos el ex gobernador, desde Texas, es tiempo y la respuesta no se dej\u00f3 esperar, argumentando que es un perseguido pol\u00edtico o por los espacios que tiene libre, atendi\u00f3 a todos los periodistas que est\u00e1n en contra de la 4T quienes lo entrevistaron a control remoto desde la Ciudad de M\u00e9xico a Texas.<\/p>\n<p>Pero la presidenta Claudia Sheinbaum o tiene muy malos asesores o a ella le gan\u00f3 el impulso y pr\u00e1cticamente le envi\u00f3 un mensaje al ex gobernador, como si le tuvieran temiendo que \u00e9l fuera el candidato del PAN a la presidencia, a\u00fan m\u00e1s que la gobernadora de Chihuahua, Maru Campos.<\/p>\n<p>Sin embargo, los asesores debieron decirle a la presidenta que sin o con reforma en la Constituci\u00f3n, dif\u00edcilmente el ex gobernador no podr\u00eda ser candidato, porque tiene dos detalles que no re\u00fanen los requisitos para poderse registrar.<\/p>\n<p>Seg\u00fan el art\u00edculo 82 de la Constituci\u00f3n, para poder ser candidato, en el apartado I, indica que debe de ser ciudadano mexicano por nacimiento en pleno goce de sus derechos, requisito que no re\u00fane el ex gobernador Cabeza de Vaca, porque actualmente tiene dos \u00f3rdenes de arresto y procesos abiertos, por lo que no goza de sus derechos.<\/p>\n<p>En este mismo art\u00edculo, en el apartado III, indica que: \u201cHaber residido en el pa\u00eds durante todo el a\u00f1o anterior del d\u00eda de la elecci\u00f3n. La ausencia del pa\u00eds hasta 30 d\u00edas antes, no interrumpe la residencia\u201d, lo que seguramente no reunir\u00e1 porque si cruza a M\u00e9xico, tiene dos \u00f3rdenes de arresto y es mucho riesgo.<\/p>\n<p>Adem\u00e1s de residir por lo menos 20 a\u00f1os en el pa\u00eds, pero con este art\u00edculo indica que el ex gobernador Cabeza de Vaca quedar\u00eda fuera y no podr\u00eda tener el riesgo de cruza a M\u00e9xico debido a las \u00f3rdenes de arresto que tiene en su contra.<\/p>\n<p>Pese a que no se les han mostrado, de forma extraoficial se ha informado que el ex gobernador Panista de Tamaulipas, Cabeza de Vaca tiene dos \u00f3rdenes de arresto, una que es de la Fiscal\u00eda General de la Rep\u00fablica por presuntamente tener relaci\u00f3n con organizaciones criminales durante de sexenio, adem\u00e1s de enriquecimiento il\u00edcito.<\/p>\n<p>En la Fiscal\u00eda de Justicia del Estado de Tamaulipas tiene una m\u00e1s, se debe a posibles desv\u00edos de recursos del Gobierno del Estado, cuando fue gobernador durante el 1 de octubre del 2016 al 30 de septiembre del 2022, de los cuales ya hay varios ex funcionarios procesados por este delito, por lo que no solo es por la compra de un departamento como \u00e9l asegura.<\/p>\n<p>Luego de esta situaci\u00f3n, hubo varios pol\u00edticos que comenzaron a despotricar en contra del ex gobernador de Tamaulipas, Cabeza de Vaca, como lo fue el presidente de la Junta de Coordinaci\u00f3n Pol\u00edtica, Humberto Armando Prieto Herrera, quien se le olvid\u00f3 que fue el mismo ex mandatario estatal quien lo meti\u00f3 en la pol\u00edtica y hasta le dio trabajo a la constructora familia del ahora legislador local Morenita.<\/p>\n<p>Pero quien no se midi\u00f3 fue la senadora por Tamaulipas, Olga Sosa, quien se dej\u00f3 caer en contra del ex mandatario estatal Panista, luego de que sabemos que cuando Cabeza de Vaca era gobernador, donde se lo encontraba lo saludaba como mucha euforia y eran \u201camigos\u201d durante el paso de la actual senadora Morenista, por el Congreso de la Uni\u00f3n representando al PRI.<\/p>\n<p>Lo m\u00e1s lamentable de la situaci\u00f3n es que ni el Gobierno de Estados Unidos hace caso de la solicitud del Gobierno de M\u00e9xico de la extradici\u00f3n del ex gobernador de Tamaulipas, ni el Gobierno de M\u00e9xico ha hecho caso de la orden de extradici\u00f3n del Gobierno de Estados Unidos del ex gobernador de Sinaloa, Rub\u00e9n Rocha Moya.<\/p>\n<p style=\"text-align: center;\"><strong>POR AQU\u00cd Y POR ALL\u00c1<\/strong><\/p>\n<p>Nos dicen que quien est\u00e1 muy preocupada para ser candidata a la gubernatura de Tamaulipas en caso de que se elimine la doble nacionalidad es la alcaldesa de Nuevo Laredo, Carmen Lilia Canturosas e incluso su hermano Carlos Canturosas\u2026<\/p>\n<p>Ya ha salido a luz p\u00fablica que el pastor V\u00edctor Carretero tiene dos \u00f3rdenes de arresto en su contra, por estar vinculado a una agencia aduanal que fue descubierta por pasar huachicol por esta frontera, mismo pastor que estuvo muy pagado con familias de pol\u00edticos en la ciudad e incluso por ah\u00ed nos dicen que hasta Sandra Garc\u00eda, la ex directora de Cultura tambi\u00e9n tuvo una relaci\u00f3n cercana\u2026<\/p>\n<p>Comienzan los anuncios para los informes de gobierno, le comentamos que Carlos Pe\u00f1a Ortiz, alcalde de Reynosa estar\u00e1 cumpliendo con el C\u00f3digo Municipal el 6 de septiembre, en el Sal\u00f3n Social \u201cLa Cantera\u201d a las 11 de la ma\u00f1ana, mientras que Alberto \u201cBeto\u201d Granados de Matamoros lo har\u00e1 el 7 de septiembre en el Auditorio Mundo Nuevo a las 4:00 de la tarde\u2026HASTA AQU\u00cd LA DEJAMOS.<\/p>\n<p style=\"text-align: center;\"><strong>RETAZO<\/strong><\/p>\n<p>Se gancho la presidenta.<\/p>\n","protected":false},"excerpt":{"rendered":"<p>CABEZA DE VACA NO PUEDE SER CANDIDATO (31-Agosto-2026).- Luego de que el ex gobernador de&#8230;<\/p>\n","protected":false},"author":1,"featured_media":228612,"comment_status":"closed","ping_status":"closed","sticky":false,"template":"","format":"standard","meta":{"footnotes":"","jetpack_publicize_message":"","jetpack_publicize_feature_enabled":true,"jetpack_social_post_already_shared":true,"jetpack_social_options":{"image_generator_settings":{"template":"highway","default_image_id":0,"font":"","enabled":false},"version":2}},"categories":[23],"tags":[],"class_list":["post-228611","post","type-post","status-publish","format-standard","has-post-thumbnail","hentry","category-columnas"],"jetpack_publicize_connections":[],"_links":{"self":[{"href":"https:\/\/www.buroperiodistico.com.mx\/index.php?rest_route=\/wp\/v2\/posts\/228611","targetHints":{"allow":["GET"]}}],"collection":[{"href":"https:\/\/www.buroperiodistico.com.mx\/index.php?rest_route=\/wp\/v2\/posts"}],"about":[{"href":"https:\/\/www.buroperiodistico.com.mx\/index.php?rest_route=\/wp\/v2\/types\/post"}],"author":[{"embeddable":true,"href":"https:\/\/www.buroperiodistico.com.mx\/index.php?rest_route=\/wp\/v2\/users\/1"}],"replies":[{"embeddable":true,"href":"https:\/\/www.buroperiodistico.com.mx\/index.php?rest_route=%2Fwp%2Fv2%2Fcomments&post=228611"}],"version-history":[{"count":1,"href":"https:\/\/www.buroperiodistico.com.mx\/index.php?rest_route=\/wp\/v2\/posts\/228611\/revisions"}],"predecessor-version":[{"id":228613,"href":"https:\/\/www.buroperiodistico.com.mx\/index.php?rest_route=\/wp\/v2\/posts\/228611\/revisions\/228613"}],"wp:featuredmedia":[{"embeddable":true,"href":"https:\/\/www.buroperiodistico.com.mx\/index.php?rest_route=\/wp\/v2\/media\/228612"}],"wp:attachment":[{"href":"https:\/\/www.buroperiodistico.com.mx\/index.php?rest_route=%2Fwp%2Fv2%2Fmedia&parent=228611"}],"wp:term":[{"taxonomy":"category","embeddable":true,"href":"https:\/\/www.buroperiodistico.com.mx\/index.php?rest_route=%2Fwp%2Fv2%2Fcategories&post=228611"},{"taxonomy":"post_tag","embeddable":true,"href":"https:\/\/www.buroperiodistico.com.mx\/index.php?rest_route=%2Fwp%2Fv2%2Ftags&post=228611"}],"curies":[{"name":"wp","href":"https:\/\/api.w.org\/{rel}","templated":true}]}}