{"id":228598,"date":"2026-08-31T20:39:09","date_gmt":"2026-09-01T01:39:09","guid":{"rendered":"https:\/\/www.buroperiodistico.com.mx\/?p=228598"},"modified":"2026-08-31T20:39:09","modified_gmt":"2026-09-01T01:39:09","slug":"dio-inicio-a-ciclo-escolar-2026-2027-el-alcalde-carlos-pena-ortiz-con-el-srio-de-desarrollo-energetico-walter-julian-angel-jimenez","status":"publish","type":"post","link":"https:\/\/www.buroperiodistico.com.mx\/?p=228598","title":{"rendered":"Dio inicio a ciclo escolar 2026-2027 el Alcalde Carlos Pe\u00f1a Ortiz con el Srio. de Desarrollo Energ\u00e9tico Walter Juli\u00e1n \u00c1ngel Jim\u00e9nez"},"content":{"rendered":"<p><em><strong><img loading=\"lazy\" decoding=\"async\" class=\" wp-image-228609 alignright\" src=\"https:\/\/www.buroperiodistico.com.mx\/wp-content\/uploads\/2026\/08\/Calexex.jpg\" alt=\"\" width=\"469\" height=\"285\" srcset=\"https:\/\/www.buroperiodistico.com.mx\/wp-content\/uploads\/2026\/08\/Calexex.jpg 1024w, https:\/\/www.buroperiodistico.com.mx\/wp-content\/uploads\/2026\/08\/Calexex-300x182.jpg 300w, https:\/\/www.buroperiodistico.com.mx\/wp-content\/uploads\/2026\/08\/Calexex-768x467.jpg 768w\" sizes=\"auto, (max-width: 469px) 100vw, 469px\" \/>Reynosa, Tam (31-Agosto-2026).-<\/strong><\/em> El Presidente Municipal Carlos Pe\u00f1a Ortiz puso en marcha el Ciclo Escolar 2026-2027 junto con el Secretario de Desarrollo Energ\u00e9tico en el estado, Walter Juli\u00e1n \u00c1ngel Jim\u00e9nez, representante del Gobernador Am\u00e9rico Villarreal Anaya, y con el Maestro Rub\u00e9n Aguirre Guerrero, Director de la escuela primaria Jos\u00e9 Clemente Orozco, del fraccionamiento Ventura.<\/p>\n<p>\u00abReciban un saludo de parte del Gobernador de nuestro estado, Doctor Am\u00e9rico Villarreal. Desde el Gobierno de Tamaulipas compartimos con padres, madres, maestras, maestros y alumnos la emoci\u00f3n de este inicio del ciclo 2026-2027\u00bb, dijo el Secretario.<\/p>\n<p>En su mensaje a los estudiantes, declar\u00f3 el Alcalde ante los estudiantes: \u00abacu\u00e9rdense que en este pa\u00eds ustedes pueden aspirar a lo que gusten pero necesitan estudiar, necesitan seguir aprendiendo. Nosotros desde el gobierno municipal, desde el gobierno estatal, desde el gobierno federal, y sus pap\u00e1s y sus maestros queremos que cumplan todos sus sue\u00f1os\u00bb, enseguida hizo entrega de mochilas y de paquetes escolares.<\/p>\n<p>En el pres\u00eddium estuvieron tambi\u00e9n: Jos\u00e9 Iram Rodr\u00edguez Lim\u00f3n, por el SNTE; los Diputados Locales:<br \/>\nMagaly Deandar Robinson<br \/>\nHumberto Armando Prieto Herrera y Alicia Isabel Piza\u00f1a Navarro, titular del CREDE, representante del Secretario de Educaci\u00f3n de Tamaulipas, Miguel \u00c1ngel Valdez Garc\u00eda.<\/p>\n<p>La ni\u00f1a Miranda Mar\u00edn Vicente dio un mensaje a nombre de los alumnos de la instituci\u00f3n, en presencia de la se\u00f1ora Kelly Nareth Pizarro Rodr\u00edguez, Presidenta de la Sociedad de Padres de Familia.<\/p>\n<p>#ReynosaImparable<br \/>\n#GobiernoMunicipalDeReynosa<\/p>\n<p><img loading=\"lazy\" decoding=\"async\" class=\"aligncenter size-full wp-image-228599\" src=\"https:\/\/www.buroperiodistico.com.mx\/wp-content\/uploads\/2026\/08\/Calexex-I.jpg\" alt=\"\" width=\"640\" height=\"427\" srcset=\"https:\/\/www.buroperiodistico.com.mx\/wp-content\/uploads\/2026\/08\/Calexex-I.jpg 640w, https:\/\/www.buroperiodistico.com.mx\/wp-content\/uploads\/2026\/08\/Calexex-I-300x200.jpg 300w\" sizes=\"auto, (max-width: 640px) 100vw, 640px\" \/> <img loading=\"lazy\" decoding=\"async\" class=\"aligncenter size-full wp-image-228608\" src=\"https:\/\/www.buroperiodistico.com.mx\/wp-content\/uploads\/2026\/08\/Calexex-IIIIIIIIII.jpg\" alt=\"\" width=\"640\" height=\"427\" srcset=\"https:\/\/www.buroperiodistico.com.mx\/wp-content\/uploads\/2026\/08\/Calexex-IIIIIIIIII.jpg 640w, https:\/\/www.buroperiodistico.com.mx\/wp-content\/uploads\/2026\/08\/Calexex-IIIIIIIIII-300x200.jpg 300w\" sizes=\"auto, (max-width: 640px) 100vw, 640px\" \/> <img loading=\"lazy\" decoding=\"async\" class=\"aligncenter size-full wp-image-228607\" src=\"https:\/\/www.buroperiodistico.com.mx\/wp-content\/uploads\/2026\/08\/Calexex-IIIIIIIII.jpg\" alt=\"\" width=\"640\" height=\"427\" srcset=\"https:\/\/www.buroperiodistico.com.mx\/wp-content\/uploads\/2026\/08\/Calexex-IIIIIIIII.jpg 640w, https:\/\/www.buroperiodistico.com.mx\/wp-content\/uploads\/2026\/08\/Calexex-IIIIIIIII-300x200.jpg 300w\" sizes=\"auto, (max-width: 640px) 100vw, 640px\" \/> <img loading=\"lazy\" decoding=\"async\" class=\"aligncenter size-full wp-image-228606\" src=\"https:\/\/www.buroperiodistico.com.mx\/wp-content\/uploads\/2026\/08\/Calexex-IIIIIIII.jpg\" alt=\"\" width=\"640\" height=\"427\" srcset=\"https:\/\/www.buroperiodistico.com.mx\/wp-content\/uploads\/2026\/08\/Calexex-IIIIIIII.jpg 640w, https:\/\/www.buroperiodistico.com.mx\/wp-content\/uploads\/2026\/08\/Calexex-IIIIIIII-300x200.jpg 300w\" sizes=\"auto, (max-width: 640px) 100vw, 640px\" \/> <img loading=\"lazy\" decoding=\"async\" class=\"aligncenter size-full wp-image-228605\" src=\"https:\/\/www.buroperiodistico.com.mx\/wp-content\/uploads\/2026\/08\/Calexex-IIIIIII.jpg\" alt=\"\" width=\"640\" height=\"427\" srcset=\"https:\/\/www.buroperiodistico.com.mx\/wp-content\/uploads\/2026\/08\/Calexex-IIIIIII.jpg 640w, https:\/\/www.buroperiodistico.com.mx\/wp-content\/uploads\/2026\/08\/Calexex-IIIIIII-300x200.jpg 300w\" sizes=\"auto, (max-width: 640px) 100vw, 640px\" \/> <img loading=\"lazy\" decoding=\"async\" class=\"aligncenter size-full wp-image-228604\" src=\"https:\/\/www.buroperiodistico.com.mx\/wp-content\/uploads\/2026\/08\/Calexex-IIIIII.jpg\" alt=\"\" width=\"640\" height=\"427\" srcset=\"https:\/\/www.buroperiodistico.com.mx\/wp-content\/uploads\/2026\/08\/Calexex-IIIIII.jpg 640w, https:\/\/www.buroperiodistico.com.mx\/wp-content\/uploads\/2026\/08\/Calexex-IIIIII-300x200.jpg 300w\" sizes=\"auto, (max-width: 640px) 100vw, 640px\" \/> <img loading=\"lazy\" decoding=\"async\" class=\"aligncenter size-full wp-image-228603\" src=\"https:\/\/www.buroperiodistico.com.mx\/wp-content\/uploads\/2026\/08\/Calexex-IIIII.jpg\" alt=\"\" width=\"640\" height=\"427\" srcset=\"https:\/\/www.buroperiodistico.com.mx\/wp-content\/uploads\/2026\/08\/Calexex-IIIII.jpg 640w, https:\/\/www.buroperiodistico.com.mx\/wp-content\/uploads\/2026\/08\/Calexex-IIIII-300x200.jpg 300w\" sizes=\"auto, (max-width: 640px) 100vw, 640px\" \/> <img loading=\"lazy\" decoding=\"async\" class=\"aligncenter size-full wp-image-228602\" src=\"https:\/\/www.buroperiodistico.com.mx\/wp-content\/uploads\/2026\/08\/Calexex-IIII.jpg\" alt=\"\" width=\"640\" height=\"427\" srcset=\"https:\/\/www.buroperiodistico.com.mx\/wp-content\/uploads\/2026\/08\/Calexex-IIII.jpg 640w, https:\/\/www.buroperiodistico.com.mx\/wp-content\/uploads\/2026\/08\/Calexex-IIII-300x200.jpg 300w\" sizes=\"auto, (max-width: 640px) 100vw, 640px\" \/> <img loading=\"lazy\" decoding=\"async\" class=\"aligncenter size-full wp-image-228601\" src=\"https:\/\/www.buroperiodistico.com.mx\/wp-content\/uploads\/2026\/08\/Calexex-III.jpg\" alt=\"\" width=\"640\" height=\"427\" srcset=\"https:\/\/www.buroperiodistico.com.mx\/wp-content\/uploads\/2026\/08\/Calexex-III.jpg 640w, https:\/\/www.buroperiodistico.com.mx\/wp-content\/uploads\/2026\/08\/Calexex-III-300x200.jpg 300w\" sizes=\"auto, (max-width: 640px) 100vw, 640px\" \/> <img loading=\"lazy\" decoding=\"async\" class=\"aligncenter size-full wp-image-228600\" src=\"https:\/\/www.buroperiodistico.com.mx\/wp-content\/uploads\/2026\/08\/Calexex-II.jpg\" alt=\"\" width=\"640\" height=\"427\" srcset=\"https:\/\/www.buroperiodistico.com.mx\/wp-content\/uploads\/2026\/08\/Calexex-II.jpg 640w, https:\/\/www.buroperiodistico.com.mx\/wp-content\/uploads\/2026\/08\/Calexex-II-300x200.jpg 300w\" sizes=\"auto, (max-width: 640px) 100vw, 640px\" \/><\/p>\n","protected":false},"excerpt":{"rendered":"<p>Reynosa, Tam (31-Agosto-2026).- El Presidente Municipal Carlos Pe\u00f1a Ortiz puso en marcha el Ciclo Escolar&#8230;<\/p>\n","protected":false},"author":1,"featured_media":228609,"comment_status":"closed","ping_status":"closed","sticky":false,"template":"","format":"standard","meta":{"footnotes":"","jetpack_publicize_message":"","jetpack_publicize_feature_enabled":true,"jetpack_social_post_already_shared":true,"jetpack_social_options":{"image_generator_settings":{"template":"highway","default_image_id":0,"font":"","enabled":false},"version":2}},"categories":[9],"tags":[],"class_list":["post-228598","post","type-post","status-publish","format-standard","has-post-thumbnail","hentry","category-reynosa"],"jetpack_publicize_connections":[],"_links":{"self":[{"href":"https:\/\/www.buroperiodistico.com.mx\/index.php?rest_route=\/wp\/v2\/posts\/228598","targetHints":{"allow":["GET"]}}],"collection":[{"href":"https:\/\/www.buroperiodistico.com.mx\/index.php?rest_route=\/wp\/v2\/posts"}],"about":[{"href":"https:\/\/www.buroperiodistico.com.mx\/index.php?rest_route=\/wp\/v2\/types\/post"}],"author":[{"embeddable":true,"href":"https:\/\/www.buroperiodistico.com.mx\/index.php?rest_route=\/wp\/v2\/users\/1"}],"replies":[{"embeddable":true,"href":"https:\/\/www.buroperiodistico.com.mx\/index.php?rest_route=%2Fwp%2Fv2%2Fcomments&post=228598"}],"version-history":[{"count":1,"href":"https:\/\/www.buroperiodistico.com.mx\/index.php?rest_route=\/wp\/v2\/posts\/228598\/revisions"}],"predecessor-version":[{"id":228610,"href":"https:\/\/www.buroperiodistico.com.mx\/index.php?rest_route=\/wp\/v2\/posts\/228598\/revisions\/228610"}],"wp:featuredmedia":[{"embeddable":true,"href":"https:\/\/www.buroperiodistico.com.mx\/index.php?rest_route=\/wp\/v2\/media\/228609"}],"wp:attachment":[{"href":"https:\/\/www.buroperiodistico.com.mx\/index.php?rest_route=%2Fwp%2Fv2%2Fmedia&parent=228598"}],"wp:term":[{"taxonomy":"category","embeddable":true,"href":"https:\/\/www.buroperiodistico.com.mx\/index.php?rest_route=%2Fwp%2Fv2%2Fcategories&post=228598"},{"taxonomy":"post_tag","embeddable":true,"href":"https:\/\/www.buroperiodistico.com.mx\/index.php?rest_route=%2Fwp%2Fv2%2Ftags&post=228598"}],"curies":[{"name":"wp","href":"https:\/\/api.w.org\/{rel}","templated":true}]}}