{"id":228592,"date":"2026-08-31T20:31:36","date_gmt":"2026-09-01T01:31:36","guid":{"rendered":"https:\/\/www.buroperiodistico.com.mx\/?p=228592"},"modified":"2026-08-31T20:31:36","modified_gmt":"2026-09-01T01:31:36","slug":"programas-de-bienestar-de-la-4t-ponen-en-el-centro-a-las-personas-olga-sosa","status":"publish","type":"post","link":"https:\/\/www.buroperiodistico.com.mx\/?p=228592","title":{"rendered":"Programas de bienestar de la 4T ponen en el centro a las personas: Olga Sosa"},"content":{"rendered":"<ul>\n<li><strong><em>Seguimos nuestro principio de por le bien de todos, primero los pobres.<\/em><\/strong><\/li>\n<\/ul>\n<p><strong><img loading=\"lazy\" decoding=\"async\" class=\" wp-image-228596 alignright\" src=\"https:\/\/www.buroperiodistico.com.mx\/wp-content\/uploads\/2026\/08\/Olgax-19.jpg\" alt=\"\" width=\"463\" height=\"285\" srcset=\"https:\/\/www.buroperiodistico.com.mx\/wp-content\/uploads\/2026\/08\/Olgax-19.jpg 1024w, https:\/\/www.buroperiodistico.com.mx\/wp-content\/uploads\/2026\/08\/Olgax-19-300x185.jpg 300w, https:\/\/www.buroperiodistico.com.mx\/wp-content\/uploads\/2026\/08\/Olgax-19-768x473.jpg 768w\" sizes=\"auto, (max-width: 463px) 100vw, 463px\" \/>Ciudad de M\u00e9xico (31-Agosto-2026).-<\/strong> Durante la Quinta Reuni\u00f3n Plenaria del Grupo Parlamentario de Morena en el Senado de la Rep\u00fablica, la senadora por Tamaulipas, Olga Patricia Sosa Ru\u00edz, reconoci\u00f3 los avances de la pol\u00edtica de bienestar impulsada por la presidenta Claudia Sheinbaum Pardo y destac\u00f3 el trabajo de la Secretar\u00eda de Bienestar para hacer llegar los programas sociales de manera directa, cercana y transparente a millones de mexicanas y mexicanos.<\/p>\n<p>La congresista tamaulipeca reconoci\u00f3 la sensibilidad de la funcionaria y de todo su equipo para dignificar la vida de las personas y consolidar una pol\u00edtica social que coloca en el centro a quienes m\u00e1s lo necesitan.<\/p>\n<p>De igual forma enfatiz\u00f3 que el bienestar es un eje fundamental del proyecto que encabeza la presidenta Claudia Sheinbaum y subray\u00f3 la importancia de que los apoyos sociales se entreguen de manera cercana, honesta y transparente.<\/p>\n<p>Durante su participaci\u00f3n, la secretaria inform\u00f3 sobre los avances y alcances de los Programas para el Bienestar, que constituyen una de las principales pol\u00edticas sociales del Gobierno de M\u00e9xico y que buscan garantizar mejores condiciones de vida para millones de familias.<\/p>\n<p>En tanto, la senadora por Tamaulipas refrend\u00f3 que desde el Poder Legislativo continuar\u00e1 acompa\u00f1ando las pol\u00edticas impulsadas por la presidenta Claudia Sheinbaum que fortalecen el bienestar y garantizan la presencia del Estado donde m\u00e1s se necesita.<\/p>\n<p>Sosa Ruiz enfatiz\u00f3 que el compromiso de las y los legisladores de Morena es continuar trabajando de la mano con el Gobierno de M\u00e9xico para consolidar una pol\u00edtica social que tenga como prioridad a las personas y que haga realidad los principios de la Cuarta Transformaci\u00f3n.<\/p>\n<p><img loading=\"lazy\" decoding=\"async\" class=\"aligncenter size-full wp-image-228593\" src=\"https:\/\/www.buroperiodistico.com.mx\/wp-content\/uploads\/2026\/08\/Olgax-I-15.jpg\" alt=\"\" width=\"640\" height=\"427\" srcset=\"https:\/\/www.buroperiodistico.com.mx\/wp-content\/uploads\/2026\/08\/Olgax-I-15.jpg 640w, https:\/\/www.buroperiodistico.com.mx\/wp-content\/uploads\/2026\/08\/Olgax-I-15-300x200.jpg 300w\" sizes=\"auto, (max-width: 640px) 100vw, 640px\" \/> <img loading=\"lazy\" decoding=\"async\" class=\"aligncenter size-full wp-image-228595\" src=\"https:\/\/www.buroperiodistico.com.mx\/wp-content\/uploads\/2026\/08\/Olgax-III-12.jpg\" alt=\"\" width=\"640\" height=\"427\" srcset=\"https:\/\/www.buroperiodistico.com.mx\/wp-content\/uploads\/2026\/08\/Olgax-III-12.jpg 640w, https:\/\/www.buroperiodistico.com.mx\/wp-content\/uploads\/2026\/08\/Olgax-III-12-300x200.jpg 300w\" sizes=\"auto, (max-width: 640px) 100vw, 640px\" \/> <img loading=\"lazy\" decoding=\"async\" class=\"aligncenter size-full wp-image-228594\" src=\"https:\/\/www.buroperiodistico.com.mx\/wp-content\/uploads\/2026\/08\/Olgax-II-14.jpg\" alt=\"\" width=\"640\" height=\"427\" srcset=\"https:\/\/www.buroperiodistico.com.mx\/wp-content\/uploads\/2026\/08\/Olgax-II-14.jpg 640w, https:\/\/www.buroperiodistico.com.mx\/wp-content\/uploads\/2026\/08\/Olgax-II-14-300x200.jpg 300w\" sizes=\"auto, (max-width: 640px) 100vw, 640px\" \/><\/p>\n","protected":false},"excerpt":{"rendered":"<p>Seguimos nuestro principio de por le bien de todos, primero los pobres. Ciudad de M\u00e9xico&#8230;<\/p>\n","protected":false},"author":1,"featured_media":228596,"comment_status":"closed","ping_status":"closed","sticky":false,"template":"","format":"standard","meta":{"footnotes":"","jetpack_publicize_message":"","jetpack_publicize_feature_enabled":true,"jetpack_social_post_already_shared":true,"jetpack_social_options":{"image_generator_settings":{"template":"highway","default_image_id":0,"font":"","enabled":false},"version":2}},"categories":[11],"tags":[],"class_list":["post-228592","post","type-post","status-publish","format-standard","has-post-thumbnail","hentry","category-nacional"],"jetpack_publicize_connections":[],"_links":{"self":[{"href":"https:\/\/www.buroperiodistico.com.mx\/index.php?rest_route=\/wp\/v2\/posts\/228592","targetHints":{"allow":["GET"]}}],"collection":[{"href":"https:\/\/www.buroperiodistico.com.mx\/index.php?rest_route=\/wp\/v2\/posts"}],"about":[{"href":"https:\/\/www.buroperiodistico.com.mx\/index.php?rest_route=\/wp\/v2\/types\/post"}],"author":[{"embeddable":true,"href":"https:\/\/www.buroperiodistico.com.mx\/index.php?rest_route=\/wp\/v2\/users\/1"}],"replies":[{"embeddable":true,"href":"https:\/\/www.buroperiodistico.com.mx\/index.php?rest_route=%2Fwp%2Fv2%2Fcomments&post=228592"}],"version-history":[{"count":1,"href":"https:\/\/www.buroperiodistico.com.mx\/index.php?rest_route=\/wp\/v2\/posts\/228592\/revisions"}],"predecessor-version":[{"id":228597,"href":"https:\/\/www.buroperiodistico.com.mx\/index.php?rest_route=\/wp\/v2\/posts\/228592\/revisions\/228597"}],"wp:featuredmedia":[{"embeddable":true,"href":"https:\/\/www.buroperiodistico.com.mx\/index.php?rest_route=\/wp\/v2\/media\/228596"}],"wp:attachment":[{"href":"https:\/\/www.buroperiodistico.com.mx\/index.php?rest_route=%2Fwp%2Fv2%2Fmedia&parent=228592"}],"wp:term":[{"taxonomy":"category","embeddable":true,"href":"https:\/\/www.buroperiodistico.com.mx\/index.php?rest_route=%2Fwp%2Fv2%2Fcategories&post=228592"},{"taxonomy":"post_tag","embeddable":true,"href":"https:\/\/www.buroperiodistico.com.mx\/index.php?rest_route=%2Fwp%2Fv2%2Ftags&post=228592"}],"curies":[{"name":"wp","href":"https:\/\/api.w.org\/{rel}","templated":true}]}}