{"id":228584,"date":"2026-08-31T20:25:21","date_gmt":"2026-09-01T01:25:21","guid":{"rendered":"https:\/\/www.buroperiodistico.com.mx\/?p=228584"},"modified":"2026-08-31T20:25:21","modified_gmt":"2026-09-01T01:25:21","slug":"refrendando-su-compromiso-con-la-educacion-hp-participa-en-el-inicio-de-ciclo-escolar","status":"publish","type":"post","link":"https:\/\/www.buroperiodistico.com.mx\/?p=228584","title":{"rendered":"Refrendando su compromiso con la educaci\u00f3n, HP participa en el inicio de ciclo escolar"},"content":{"rendered":"<ul>\n<li><strong><em>Atendiendo la invitaci\u00f3n del ITACE y CREDE Reynosa, el presidente de la JUGOB arranca la semana.<\/em><\/strong><\/li>\n<\/ul>\n<p><strong><img loading=\"lazy\" decoding=\"async\" class=\" wp-image-228590 alignright\" src=\"https:\/\/www.buroperiodistico.com.mx\/wp-content\/uploads\/2026\/08\/HPx-11.jpg\" alt=\"\" width=\"473\" height=\"294\" srcset=\"https:\/\/www.buroperiodistico.com.mx\/wp-content\/uploads\/2026\/08\/HPx-11.jpg 1024w, https:\/\/www.buroperiodistico.com.mx\/wp-content\/uploads\/2026\/08\/HPx-11-300x187.jpg 300w, https:\/\/www.buroperiodistico.com.mx\/wp-content\/uploads\/2026\/08\/HPx-11-768x478.jpg 768w\" sizes=\"auto, (max-width: 473px) 100vw, 473px\" \/>Reynosa, Tam (31-Agosto-2026).-<\/strong> Durante la ma\u00f1ana de este lunes 31 de agosto, el presidente de la Junta de Gobierno del Congreso del estado, Humberto Prieto Herrera, particip\u00f3 en el inicio del nuevo ciclo lectivo 2026-2027 desde Ciudad Reynosa.<\/p>\n<p>El presidente de la JUGOB, refrendando su compromiso con la educaci\u00f3n reynosense, acompa\u00f1\u00f3 a alumnos del ITACE Reynosa y a los alumnos de la escuela primaria Jos\u00e9 Clemente Orozco, quienes, junto a padres de familia y personal docente, arrancaron este nuevo ciclo escolar.<\/p>\n<p>\u201cEs un placer y un honor el responder a estas invitaciones, y as\u00ed, desde Reynosa, ser parte de la historia de todos los alumnos que este d\u00eda inician este nuevo ciclo escolar a nivel nacional\u201d, se\u00f1al\u00f3 el presidente del Congreso, Humberto Prieto Herrera.<\/p>\n<p>Comprometido con las familias reynosenses y la educaci\u00f3n, este lunes, en su recorrido de trabajo, el presidente del Congreso agradeci\u00f3 la invitaci\u00f3n de la directora del ITACE, Martha Reyes Anaya, as\u00ed como de la titular del Centro Regional de Desarrollo Educativo, Alicia Piza\u00f1a Navarro.<\/p>\n<p>De esta forma es como el presidente de la JUGOB, Humberto Prieto Herrera, desde Reynosa, en apoyo a la educaci\u00f3n, particip\u00f3 con los j\u00f3venes que regresan a este nuevo ciclo lectivo, dando arranque oficial al nuevo a\u00f1o escolar.<\/p>\n<p><img loading=\"lazy\" decoding=\"async\" class=\"aligncenter size-full wp-image-228585\" src=\"https:\/\/www.buroperiodistico.com.mx\/wp-content\/uploads\/2026\/08\/HPx-I-9.jpg\" alt=\"\" width=\"640\" height=\"428\" srcset=\"https:\/\/www.buroperiodistico.com.mx\/wp-content\/uploads\/2026\/08\/HPx-I-9.jpg 640w, https:\/\/www.buroperiodistico.com.mx\/wp-content\/uploads\/2026\/08\/HPx-I-9-300x201.jpg 300w\" sizes=\"auto, (max-width: 640px) 100vw, 640px\" \/> <img loading=\"lazy\" decoding=\"async\" class=\"aligncenter size-full wp-image-228589\" src=\"https:\/\/www.buroperiodistico.com.mx\/wp-content\/uploads\/2026\/08\/HPx-IIIII.jpg\" alt=\"\" width=\"1600\" height=\"1070\" srcset=\"https:\/\/www.buroperiodistico.com.mx\/wp-content\/uploads\/2026\/08\/HPx-IIIII.jpg 1600w, https:\/\/www.buroperiodistico.com.mx\/wp-content\/uploads\/2026\/08\/HPx-IIIII-300x201.jpg 300w, https:\/\/www.buroperiodistico.com.mx\/wp-content\/uploads\/2026\/08\/HPx-IIIII-1024x685.jpg 1024w, https:\/\/www.buroperiodistico.com.mx\/wp-content\/uploads\/2026\/08\/HPx-IIIII-768x514.jpg 768w, https:\/\/www.buroperiodistico.com.mx\/wp-content\/uploads\/2026\/08\/HPx-IIIII-1536x1027.jpg 1536w\" sizes=\"auto, (max-width: 1600px) 100vw, 1600px\" \/> <img loading=\"lazy\" decoding=\"async\" class=\"aligncenter size-full wp-image-228588\" src=\"https:\/\/www.buroperiodistico.com.mx\/wp-content\/uploads\/2026\/08\/HPx-IIII-3.jpg\" alt=\"\" width=\"1600\" height=\"1070\" srcset=\"https:\/\/www.buroperiodistico.com.mx\/wp-content\/uploads\/2026\/08\/HPx-IIII-3.jpg 1600w, https:\/\/www.buroperiodistico.com.mx\/wp-content\/uploads\/2026\/08\/HPx-IIII-3-300x201.jpg 300w, https:\/\/www.buroperiodistico.com.mx\/wp-content\/uploads\/2026\/08\/HPx-IIII-3-1024x685.jpg 1024w, https:\/\/www.buroperiodistico.com.mx\/wp-content\/uploads\/2026\/08\/HPx-IIII-3-768x514.jpg 768w, https:\/\/www.buroperiodistico.com.mx\/wp-content\/uploads\/2026\/08\/HPx-IIII-3-1536x1027.jpg 1536w\" sizes=\"auto, (max-width: 1600px) 100vw, 1600px\" \/> <img loading=\"lazy\" decoding=\"async\" class=\"aligncenter size-full wp-image-228587\" src=\"https:\/\/www.buroperiodistico.com.mx\/wp-content\/uploads\/2026\/08\/HPx-III-6.jpg\" alt=\"\" width=\"640\" height=\"428\" srcset=\"https:\/\/www.buroperiodistico.com.mx\/wp-content\/uploads\/2026\/08\/HPx-III-6.jpg 640w, https:\/\/www.buroperiodistico.com.mx\/wp-content\/uploads\/2026\/08\/HPx-III-6-300x201.jpg 300w\" sizes=\"auto, (max-width: 640px) 100vw, 640px\" \/> <img loading=\"lazy\" decoding=\"async\" class=\"aligncenter size-full wp-image-228586\" src=\"https:\/\/www.buroperiodistico.com.mx\/wp-content\/uploads\/2026\/08\/HPx-II-7.jpg\" alt=\"\" width=\"640\" height=\"428\" srcset=\"https:\/\/www.buroperiodistico.com.mx\/wp-content\/uploads\/2026\/08\/HPx-II-7.jpg 640w, https:\/\/www.buroperiodistico.com.mx\/wp-content\/uploads\/2026\/08\/HPx-II-7-300x201.jpg 300w\" sizes=\"auto, (max-width: 640px) 100vw, 640px\" \/><\/p>\n","protected":false},"excerpt":{"rendered":"<p>Atendiendo la invitaci\u00f3n del ITACE y CREDE Reynosa, el presidente de la JUGOB arranca la&#8230;<\/p>\n","protected":false},"author":1,"featured_media":228590,"comment_status":"closed","ping_status":"closed","sticky":false,"template":"","format":"standard","meta":{"footnotes":"","jetpack_publicize_message":"","jetpack_publicize_feature_enabled":true,"jetpack_social_post_already_shared":true,"jetpack_social_options":{"image_generator_settings":{"template":"highway","default_image_id":0,"font":"","enabled":false},"version":2}},"categories":[25,9],"tags":[],"class_list":["post-228584","post","type-post","status-publish","format-standard","has-post-thumbnail","hentry","category-portada","category-reynosa"],"jetpack_publicize_connections":[],"_links":{"self":[{"href":"https:\/\/www.buroperiodistico.com.mx\/index.php?rest_route=\/wp\/v2\/posts\/228584","targetHints":{"allow":["GET"]}}],"collection":[{"href":"https:\/\/www.buroperiodistico.com.mx\/index.php?rest_route=\/wp\/v2\/posts"}],"about":[{"href":"https:\/\/www.buroperiodistico.com.mx\/index.php?rest_route=\/wp\/v2\/types\/post"}],"author":[{"embeddable":true,"href":"https:\/\/www.buroperiodistico.com.mx\/index.php?rest_route=\/wp\/v2\/users\/1"}],"replies":[{"embeddable":true,"href":"https:\/\/www.buroperiodistico.com.mx\/index.php?rest_route=%2Fwp%2Fv2%2Fcomments&post=228584"}],"version-history":[{"count":1,"href":"https:\/\/www.buroperiodistico.com.mx\/index.php?rest_route=\/wp\/v2\/posts\/228584\/revisions"}],"predecessor-version":[{"id":228591,"href":"https:\/\/www.buroperiodistico.com.mx\/index.php?rest_route=\/wp\/v2\/posts\/228584\/revisions\/228591"}],"wp:featuredmedia":[{"embeddable":true,"href":"https:\/\/www.buroperiodistico.com.mx\/index.php?rest_route=\/wp\/v2\/media\/228590"}],"wp:attachment":[{"href":"https:\/\/www.buroperiodistico.com.mx\/index.php?rest_route=%2Fwp%2Fv2%2Fmedia&parent=228584"}],"wp:term":[{"taxonomy":"category","embeddable":true,"href":"https:\/\/www.buroperiodistico.com.mx\/index.php?rest_route=%2Fwp%2Fv2%2Fcategories&post=228584"},{"taxonomy":"post_tag","embeddable":true,"href":"https:\/\/www.buroperiodistico.com.mx\/index.php?rest_route=%2Fwp%2Fv2%2Ftags&post=228584"}],"curies":[{"name":"wp","href":"https:\/\/api.w.org\/{rel}","templated":true}]}}