{"id":228574,"date":"2026-08-31T18:22:59","date_gmt":"2026-08-31T23:22:59","guid":{"rendered":"https:\/\/www.buroperiodistico.com.mx\/?p=228574"},"modified":"2026-08-31T18:22:59","modified_gmt":"2026-08-31T23:22:59","slug":"el-arqui-eduardo-lopez-arias-acompana-al-colegio-de-arquitectos-de-reynosa-en-la-quinta-asamblea-regional","status":"publish","type":"post","link":"https:\/\/www.buroperiodistico.com.mx\/?p=228574","title":{"rendered":"El Arqui Eduardo L\u00f3pez Arias acompa\u00f1a al Colegio de Arquitectos de Reynosa en la Quinta Asamblea Regional"},"content":{"rendered":"<p><em><strong><img loading=\"lazy\" decoding=\"async\" class=\" wp-image-228578 alignright\" src=\"https:\/\/www.buroperiodistico.com.mx\/wp-content\/uploads\/2026\/08\/Arqux-1.jpg\" alt=\"\" width=\"474\" height=\"300\" srcset=\"https:\/\/www.buroperiodistico.com.mx\/wp-content\/uploads\/2026\/08\/Arqux-1.jpg 1024w, https:\/\/www.buroperiodistico.com.mx\/wp-content\/uploads\/2026\/08\/Arqux-1-300x190.jpg 300w, https:\/\/www.buroperiodistico.com.mx\/wp-content\/uploads\/2026\/08\/Arqux-1-768x486.jpg 768w\" sizes=\"auto, (max-width: 474px) 100vw, 474px\" \/>Reynosa, Tamaulipas (31-Agosto-2026).-<\/strong><\/em> El secretario de Obras P\u00fablicas, el Arqui Eduardo L\u00f3pez Arias, acompa\u00f1\u00f3 a integrantes del Colegio de Arquitectos de Reynosa A.C. durante la Quinta Asamblea Regional, encuentro que reuni\u00f3 a profesionales de la arquitectura provenientes de distintos estados del pa\u00eds.<\/p>\n<p>Durante el evento, L\u00f3pez Arias destac\u00f3 la invitaci\u00f3n realizada por su amigo, el arquitecto Francisco Gonz\u00e1lez, presidente del Colegio de Arquitectos de Reynosa A.C. y expres\u00f3 su agradecimiento por participar en esta reuni\u00f3n que fortalece la convivencia y el intercambio entre profesionales del sector.<\/p>\n<p>\u201cMe encuentro en el Lienzo Charro Los Tamaulipecos, con mi amigo el arquitecto Francisco Gonz\u00e1lez, presidente del Colegio de Arquitectos de Reynosa. Me hizo la invitaci\u00f3n y aqu\u00ed estoy acompa\u00f1\u00e1ndolo\u201d, se\u00f1al\u00f3 el Arqui.<\/p>\n<p>Por su parte, Francisco Gonz\u00e1lez explic\u00f3 que esta quinta asamblea regional cont\u00f3 con la participaci\u00f3n de arquitectos de Durango, Chihuahua, Nuevo Le\u00f3n y Tamaulipas quienes tuvieron la oportunidad de convivir y compartir experiencias.<\/p>\n<p>Como parte de las actividades programadas, los asistentes disfrutaron de una presentaci\u00f3n de escaramuzas, como muestra de las tradiciones y la cultura tamaulipeca.<\/p>\n<p>L\u00f3pez Arias agradeci\u00f3 la presencia de los arquitectos que viajaron desde diferentes puntos del pa\u00eds para participar en este encuentro y les dio la bienvenida a Reynosa, invit\u00e1ndolos a disfrutar de la ciudad y sentirse como en casa.<\/p>\n<p>La Quinta Asamblea Regional del Colegio de Arquitectos de Reynosa A.C. representa tambi\u00e9n un espacio para fortalecer los v\u00ednculos entre profesionales de la arquitectura y promover la colaboraci\u00f3n entre los colegios de la regi\u00f3n.<\/p>\n<p><img loading=\"lazy\" decoding=\"async\" class=\"aligncenter size-full wp-image-228575\" src=\"https:\/\/www.buroperiodistico.com.mx\/wp-content\/uploads\/2026\/08\/Arqux-I-1.jpg\" alt=\"\" width=\"640\" height=\"427\" srcset=\"https:\/\/www.buroperiodistico.com.mx\/wp-content\/uploads\/2026\/08\/Arqux-I-1.jpg 640w, https:\/\/www.buroperiodistico.com.mx\/wp-content\/uploads\/2026\/08\/Arqux-I-1-300x200.jpg 300w\" sizes=\"auto, (max-width: 640px) 100vw, 640px\" \/> <img loading=\"lazy\" decoding=\"async\" class=\"aligncenter size-full wp-image-228577\" src=\"https:\/\/www.buroperiodistico.com.mx\/wp-content\/uploads\/2026\/08\/Arqux-III.jpg\" alt=\"\" width=\"640\" height=\"427\" srcset=\"https:\/\/www.buroperiodistico.com.mx\/wp-content\/uploads\/2026\/08\/Arqux-III.jpg 640w, https:\/\/www.buroperiodistico.com.mx\/wp-content\/uploads\/2026\/08\/Arqux-III-300x200.jpg 300w\" sizes=\"auto, (max-width: 640px) 100vw, 640px\" \/> <img loading=\"lazy\" decoding=\"async\" class=\"aligncenter size-full wp-image-228576\" src=\"https:\/\/www.buroperiodistico.com.mx\/wp-content\/uploads\/2026\/08\/Arqux-II.jpg\" alt=\"\" width=\"640\" height=\"427\" srcset=\"https:\/\/www.buroperiodistico.com.mx\/wp-content\/uploads\/2026\/08\/Arqux-II.jpg 640w, https:\/\/www.buroperiodistico.com.mx\/wp-content\/uploads\/2026\/08\/Arqux-II-300x200.jpg 300w\" sizes=\"auto, (max-width: 640px) 100vw, 640px\" \/><\/p>\n","protected":false},"excerpt":{"rendered":"<p>Reynosa, Tamaulipas (31-Agosto-2026).- El secretario de Obras P\u00fablicas, el Arqui Eduardo L\u00f3pez Arias, acompa\u00f1\u00f3 a&#8230;<\/p>\n","protected":false},"author":1,"featured_media":228578,"comment_status":"closed","ping_status":"closed","sticky":false,"template":"","format":"standard","meta":{"footnotes":"","jetpack_publicize_message":"","jetpack_publicize_feature_enabled":true,"jetpack_social_post_already_shared":true,"jetpack_social_options":{"image_generator_settings":{"template":"highway","default_image_id":0,"font":"","enabled":false},"version":2}},"categories":[25,9],"tags":[],"class_list":["post-228574","post","type-post","status-publish","format-standard","has-post-thumbnail","hentry","category-portada","category-reynosa"],"jetpack_publicize_connections":[],"_links":{"self":[{"href":"https:\/\/www.buroperiodistico.com.mx\/index.php?rest_route=\/wp\/v2\/posts\/228574","targetHints":{"allow":["GET"]}}],"collection":[{"href":"https:\/\/www.buroperiodistico.com.mx\/index.php?rest_route=\/wp\/v2\/posts"}],"about":[{"href":"https:\/\/www.buroperiodistico.com.mx\/index.php?rest_route=\/wp\/v2\/types\/post"}],"author":[{"embeddable":true,"href":"https:\/\/www.buroperiodistico.com.mx\/index.php?rest_route=\/wp\/v2\/users\/1"}],"replies":[{"embeddable":true,"href":"https:\/\/www.buroperiodistico.com.mx\/index.php?rest_route=%2Fwp%2Fv2%2Fcomments&post=228574"}],"version-history":[{"count":1,"href":"https:\/\/www.buroperiodistico.com.mx\/index.php?rest_route=\/wp\/v2\/posts\/228574\/revisions"}],"predecessor-version":[{"id":228579,"href":"https:\/\/www.buroperiodistico.com.mx\/index.php?rest_route=\/wp\/v2\/posts\/228574\/revisions\/228579"}],"wp:featuredmedia":[{"embeddable":true,"href":"https:\/\/www.buroperiodistico.com.mx\/index.php?rest_route=\/wp\/v2\/media\/228578"}],"wp:attachment":[{"href":"https:\/\/www.buroperiodistico.com.mx\/index.php?rest_route=%2Fwp%2Fv2%2Fmedia&parent=228574"}],"wp:term":[{"taxonomy":"category","embeddable":true,"href":"https:\/\/www.buroperiodistico.com.mx\/index.php?rest_route=%2Fwp%2Fv2%2Fcategories&post=228574"},{"taxonomy":"post_tag","embeddable":true,"href":"https:\/\/www.buroperiodistico.com.mx\/index.php?rest_route=%2Fwp%2Fv2%2Ftags&post=228574"}],"curies":[{"name":"wp","href":"https:\/\/api.w.org\/{rel}","templated":true}]}}