{"id":228511,"date":"2026-08-31T17:03:43","date_gmt":"2026-08-31T22:03:43","guid":{"rendered":"https:\/\/www.buroperiodistico.com.mx\/?p=228511"},"modified":"2026-08-31T17:03:43","modified_gmt":"2026-08-31T22:03:43","slug":"refrenda-gobierno-de-tamaulipas-compromiso-con-la-educacion-y-el-bienestar-de-ninas-y-ninos","status":"publish","type":"post","link":"https:\/\/www.buroperiodistico.com.mx\/?p=228511","title":{"rendered":"Refrenda Gobierno de Tamaulipas compromiso con la educaci\u00f3n y el bienestar de ni\u00f1as y ni\u00f1os"},"content":{"rendered":"<p><em><strong><img loading=\"lazy\" decoding=\"async\" class=\" wp-image-228514 alignright\" src=\"https:\/\/www.buroperiodistico.com.mx\/wp-content\/uploads\/2026\/08\/SRUninos.jpeg\" alt=\"\" width=\"563\" height=\"349\" srcset=\"https:\/\/www.buroperiodistico.com.mx\/wp-content\/uploads\/2026\/08\/SRUninos.jpeg 1024w, https:\/\/www.buroperiodistico.com.mx\/wp-content\/uploads\/2026\/08\/SRUninos-300x186.jpeg 300w, https:\/\/www.buroperiodistico.com.mx\/wp-content\/uploads\/2026\/08\/SRUninos-768x476.jpeg 768w\" sizes=\"auto, (max-width: 563px) 100vw, 563px\" \/>San Fernando, Tamaulipas (31-Agosto-2026).-<\/strong><\/em> Cumpliendo con la encomienda del gobernador del Estado, Am\u00e9rico Villarreal Anaya, el secretario de Desarrollo Rural, Pesca y Acuacultura, Antonio Varela Flores, encabez\u00f3 el arranque del ciclo escolar 2026-2027 en la Escuela Primaria Juana de Asbaje y Ram\u00edrez, del municipio de San Fernando.<\/p>\n<p>Ah\u00ed refrend\u00f3 el compromiso del Gobierno de Tamaulipas con el fortalecimiento de la educaci\u00f3n y el bienestar de las ni\u00f1as y los ni\u00f1os tamaulipecos. Durante el acto se entregaron libros de texto gratuitos, paquetes de \u00fatiles escolares y uniformes, como parte de las acciones del Gobierno de Tamaulipas para fortalecer las condiciones de aprendizaje y garantizar una educaci\u00f3n de calidad.<\/p>\n<p>Varela Flores transmiti\u00f3 a la comunidad educativa la felicitaci\u00f3n del gobernador y exhort\u00f3 a las y los estudiantes a esforzarse para alcanzar sus metas. Destac\u00f3 que, en coordinaci\u00f3n con el Gobierno de M\u00e9xico, Tamaulipas impulsa los objetivos de la Nueva Escuela Mexicana y fortalece programas de apoyo educativo.<\/p>\n<p>Asimismo, resalt\u00f3 la ampliaci\u00f3n de la cobertura de uniformes escolares gratuitos, que pas\u00f3 de beneficiar a 25 municipios en el ciclo anterior a 31 durante el ciclo 2026-2027, con prioridad en las regiones con mayores necesidades.<\/p>\n<p>Tambi\u00e9n destac\u00f3 el fortalecimiento de las becas y la implementaci\u00f3n de la Beca Rita Cetina, impulsada por la presidenta de M\u00e9xico, Claudia Sheinbaum Pardo, en beneficio de estudiantes de educaci\u00f3n b\u00e1sica de escuelas p\u00fablicas.<\/p>\n<p>La directora del plantel, Alma Navarro Rodr\u00edguez, agradeci\u00f3 el respaldo y la disposici\u00f3n de las autoridades para atender las necesidades de la comunidad educativa, al destacar que este tipo de apoyos contribuye de manera significativa a fortalecer las condiciones en las que las y los estudiantes desarrollan sus actividades acad\u00e9micas. As\u00ed mismo expres\u00f3 su confianza en que, mediante el trabajo coordinado, se continuar\u00e1 impulsando una educaci\u00f3n de calidad y mejores oportunidades para las nuevas generaciones.<\/p>\n<p>Por su parte, Juan Castillo Villafuerte, en representaci\u00f3n de la alcaldesa del municipio de San Fernando, Ver\u00f3nica Aguirre de los Santos, se\u00f1al\u00f3 que este tipo de acciones contribuyen a fortalecer la coordinaci\u00f3n entre las autoridades y la ciudadan\u00eda, al tiempo que permiten atender de manera oportuna las necesidades de la poblaci\u00f3n y generar mejores condiciones para el desarrollo del municipio.<\/p>\n<p>Durante la ceremonia tambi\u00e9n estuvieron presentes Ma. Antonia Hern\u00e1ndez Ibarra, en representaci\u00f3n del jefe de la Oficina Regional de Desarrollo Educativo de San Fernando; Juan Antonio Escobedo Araujo, jefe del Sector N\u00b0 9; Karla Evelyn Garc\u00eda Palacio, en representaci\u00f3n del presidente del DIF; y Rianna Alani \u00c1lvarez Longoria, en representaci\u00f3n de los alumnos.<\/p>\n<p><img loading=\"lazy\" decoding=\"async\" class=\"aligncenter size-full wp-image-228512\" src=\"https:\/\/www.buroperiodistico.com.mx\/wp-content\/uploads\/2026\/08\/SRUninos-I.jpeg\" alt=\"\" width=\"640\" height=\"427\" srcset=\"https:\/\/www.buroperiodistico.com.mx\/wp-content\/uploads\/2026\/08\/SRUninos-I.jpeg 640w, https:\/\/www.buroperiodistico.com.mx\/wp-content\/uploads\/2026\/08\/SRUninos-I-300x200.jpeg 300w\" sizes=\"auto, (max-width: 640px) 100vw, 640px\" \/> <img loading=\"lazy\" decoding=\"async\" class=\"aligncenter size-full wp-image-228513\" src=\"https:\/\/www.buroperiodistico.com.mx\/wp-content\/uploads\/2026\/08\/SRUninos-II.jpeg\" alt=\"\" width=\"640\" height=\"480\" srcset=\"https:\/\/www.buroperiodistico.com.mx\/wp-content\/uploads\/2026\/08\/SRUninos-II.jpeg 640w, https:\/\/www.buroperiodistico.com.mx\/wp-content\/uploads\/2026\/08\/SRUninos-II-300x225.jpeg 300w\" sizes=\"auto, (max-width: 640px) 100vw, 640px\" \/><\/p>\n","protected":false},"excerpt":{"rendered":"<p>San Fernando, Tamaulipas (31-Agosto-2026).- Cumpliendo con la encomienda del gobernador del Estado, Am\u00e9rico Villarreal Anaya,&#8230;<\/p>\n","protected":false},"author":1,"featured_media":228514,"comment_status":"closed","ping_status":"closed","sticky":false,"template":"","format":"standard","meta":{"footnotes":"","jetpack_publicize_message":"","jetpack_publicize_feature_enabled":true,"jetpack_social_post_already_shared":true,"jetpack_social_options":{"image_generator_settings":{"template":"highway","default_image_id":0,"font":"","enabled":false},"version":2}},"categories":[10],"tags":[],"class_list":["post-228511","post","type-post","status-publish","format-standard","has-post-thumbnail","hentry","category-tamaulipas"],"jetpack_publicize_connections":[],"_links":{"self":[{"href":"https:\/\/www.buroperiodistico.com.mx\/index.php?rest_route=\/wp\/v2\/posts\/228511","targetHints":{"allow":["GET"]}}],"collection":[{"href":"https:\/\/www.buroperiodistico.com.mx\/index.php?rest_route=\/wp\/v2\/posts"}],"about":[{"href":"https:\/\/www.buroperiodistico.com.mx\/index.php?rest_route=\/wp\/v2\/types\/post"}],"author":[{"embeddable":true,"href":"https:\/\/www.buroperiodistico.com.mx\/index.php?rest_route=\/wp\/v2\/users\/1"}],"replies":[{"embeddable":true,"href":"https:\/\/www.buroperiodistico.com.mx\/index.php?rest_route=%2Fwp%2Fv2%2Fcomments&post=228511"}],"version-history":[{"count":1,"href":"https:\/\/www.buroperiodistico.com.mx\/index.php?rest_route=\/wp\/v2\/posts\/228511\/revisions"}],"predecessor-version":[{"id":228515,"href":"https:\/\/www.buroperiodistico.com.mx\/index.php?rest_route=\/wp\/v2\/posts\/228511\/revisions\/228515"}],"wp:featuredmedia":[{"embeddable":true,"href":"https:\/\/www.buroperiodistico.com.mx\/index.php?rest_route=\/wp\/v2\/media\/228514"}],"wp:attachment":[{"href":"https:\/\/www.buroperiodistico.com.mx\/index.php?rest_route=%2Fwp%2Fv2%2Fmedia&parent=228511"}],"wp:term":[{"taxonomy":"category","embeddable":true,"href":"https:\/\/www.buroperiodistico.com.mx\/index.php?rest_route=%2Fwp%2Fv2%2Fcategories&post=228511"},{"taxonomy":"post_tag","embeddable":true,"href":"https:\/\/www.buroperiodistico.com.mx\/index.php?rest_route=%2Fwp%2Fv2%2Ftags&post=228511"}],"curies":[{"name":"wp","href":"https:\/\/api.w.org\/{rel}","templated":true}]}}