{"id":228465,"date":"2026-08-31T12:27:07","date_gmt":"2026-08-31T17:27:07","guid":{"rendered":"https:\/\/www.buroperiodistico.com.mx\/?p=228465"},"modified":"2026-08-31T12:27:07","modified_gmt":"2026-08-31T17:27:07","slug":"inaugurara-gobierno-de-carlos-pena-ortiz-la-muestra-colectiva-leyes-visuales","status":"publish","type":"post","link":"https:\/\/www.buroperiodistico.com.mx\/?p=228465","title":{"rendered":"Inaugurar\u00e1 Gobierno de Carlos Pe\u00f1a Ortiz la muestra colectiva \u00abLeyes Visuales\u00bb"},"content":{"rendered":"<p><em><strong>Reynosa, Tam (31-Agosto-2026).-<\/strong><\/em> El Gobierno de Reynosa, que preside el Alcalde Carlos Pe\u00f1a Ortiz, invita a la inauguraci\u00f3n de la exposici\u00f3n colectiva \u00abLeyes Visuales\u00bb este 3 de septiembre a las 7:00 P. M. en el Museo Hist\u00f3rico Reynosa. La entrada es libre.<\/p>\n<p>La muestra ser\u00e1 presentada en el marco de la celebraci\u00f3n mundial de FOTOSEPTIEMBRE \/ Festival Internacional de Fotograf\u00eda de M\u00e9xico, con el objetivo de unir el talento de los creadores de la regi\u00f3n con la comunidad fotogr\u00e1fica nacional e internacional.<\/p>\n<p>Talento local se integrar\u00e1 a trav\u00e9s de la Red de la Imagen bajo la l\u00ednea tem\u00e1tica \u00abNaturalezas no humanas\u00bb, que invita a reflexionar sobre el territorio y el paisaje mediante perspectivas visuales que superan la representaci\u00f3n tradicional de la naturaleza.<\/p>\n<p>#ReynosaImparable #Reynosa #Tamaulipas<\/p>\n<p><img loading=\"lazy\" decoding=\"async\" class=\"aligncenter size-full wp-image-228466\" src=\"https:\/\/www.buroperiodistico.com.mx\/wp-content\/uploads\/2026\/08\/Fotosxe.jpg\" alt=\"\" width=\"1110\" height=\"600\" srcset=\"https:\/\/www.buroperiodistico.com.mx\/wp-content\/uploads\/2026\/08\/Fotosxe.jpg 1110w, https:\/\/www.buroperiodistico.com.mx\/wp-content\/uploads\/2026\/08\/Fotosxe-300x162.jpg 300w, https:\/\/www.buroperiodistico.com.mx\/wp-content\/uploads\/2026\/08\/Fotosxe-1024x554.jpg 1024w, https:\/\/www.buroperiodistico.com.mx\/wp-content\/uploads\/2026\/08\/Fotosxe-768x415.jpg 768w\" sizes=\"auto, (max-width: 1110px) 100vw, 1110px\" \/><\/p>\n","protected":false},"excerpt":{"rendered":"<p>Reynosa, Tam (31-Agosto-2026).- El Gobierno de Reynosa, que preside el Alcalde Carlos Pe\u00f1a Ortiz, invita&#8230;<\/p>\n","protected":false},"author":1,"featured_media":228466,"comment_status":"closed","ping_status":"closed","sticky":false,"template":"","format":"standard","meta":{"footnotes":"","jetpack_publicize_message":"","jetpack_publicize_feature_enabled":true,"jetpack_social_post_already_shared":true,"jetpack_social_options":{"image_generator_settings":{"template":"highway","default_image_id":0,"font":"","enabled":false},"version":2}},"categories":[9],"tags":[],"class_list":["post-228465","post","type-post","status-publish","format-standard","has-post-thumbnail","hentry","category-reynosa"],"jetpack_publicize_connections":[],"_links":{"self":[{"href":"https:\/\/www.buroperiodistico.com.mx\/index.php?rest_route=\/wp\/v2\/posts\/228465","targetHints":{"allow":["GET"]}}],"collection":[{"href":"https:\/\/www.buroperiodistico.com.mx\/index.php?rest_route=\/wp\/v2\/posts"}],"about":[{"href":"https:\/\/www.buroperiodistico.com.mx\/index.php?rest_route=\/wp\/v2\/types\/post"}],"author":[{"embeddable":true,"href":"https:\/\/www.buroperiodistico.com.mx\/index.php?rest_route=\/wp\/v2\/users\/1"}],"replies":[{"embeddable":true,"href":"https:\/\/www.buroperiodistico.com.mx\/index.php?rest_route=%2Fwp%2Fv2%2Fcomments&post=228465"}],"version-history":[{"count":1,"href":"https:\/\/www.buroperiodistico.com.mx\/index.php?rest_route=\/wp\/v2\/posts\/228465\/revisions"}],"predecessor-version":[{"id":228467,"href":"https:\/\/www.buroperiodistico.com.mx\/index.php?rest_route=\/wp\/v2\/posts\/228465\/revisions\/228467"}],"wp:featuredmedia":[{"embeddable":true,"href":"https:\/\/www.buroperiodistico.com.mx\/index.php?rest_route=\/wp\/v2\/media\/228466"}],"wp:attachment":[{"href":"https:\/\/www.buroperiodistico.com.mx\/index.php?rest_route=%2Fwp%2Fv2%2Fmedia&parent=228465"}],"wp:term":[{"taxonomy":"category","embeddable":true,"href":"https:\/\/www.buroperiodistico.com.mx\/index.php?rest_route=%2Fwp%2Fv2%2Fcategories&post=228465"},{"taxonomy":"post_tag","embeddable":true,"href":"https:\/\/www.buroperiodistico.com.mx\/index.php?rest_route=%2Fwp%2Fv2%2Ftags&post=228465"}],"curies":[{"name":"wp","href":"https:\/\/api.w.org\/{rel}","templated":true}]}}