{"id":228459,"date":"2026-08-31T12:23:03","date_gmt":"2026-08-31T17:23:03","guid":{"rendered":"https:\/\/www.buroperiodistico.com.mx\/?p=228459"},"modified":"2026-08-31T12:23:03","modified_gmt":"2026-08-31T17:23:03","slug":"atendio-proteccion-civil-y-bomberos-de-reynosa-mas-de-40-emergencias-durante-el-fin-de-semana","status":"publish","type":"post","link":"https:\/\/www.buroperiodistico.com.mx\/?p=228459","title":{"rendered":"Atendi\u00f3 Protecci\u00f3n Civil y Bomberos de Reynosa m\u00e1s de 40 emergencias durante el fin de semana"},"content":{"rendered":"<p><em><strong><img loading=\"lazy\" decoding=\"async\" class=\" wp-image-228463 alignright\" src=\"https:\/\/www.buroperiodistico.com.mx\/wp-content\/uploads\/2026\/08\/Pcx-17.jpg\" alt=\"\" width=\"548\" height=\"296\" srcset=\"https:\/\/www.buroperiodistico.com.mx\/wp-content\/uploads\/2026\/08\/Pcx-17.jpg 1110w, https:\/\/www.buroperiodistico.com.mx\/wp-content\/uploads\/2026\/08\/Pcx-17-300x162.jpg 300w, https:\/\/www.buroperiodistico.com.mx\/wp-content\/uploads\/2026\/08\/Pcx-17-1024x554.jpg 1024w, https:\/\/www.buroperiodistico.com.mx\/wp-content\/uploads\/2026\/08\/Pcx-17-768x415.jpg 768w\" sizes=\"auto, (max-width: 548px) 100vw, 548px\" \/>Reynosa, Tam (31-Agosto-2026).-<\/strong><\/em> El Gobierno Municipal de Reynosa, que encabeza el Alcalde Carlos Pe\u00f1a Ortiz, atendi\u00f3 durante el fin de semana m\u00e1s de 40 servicios de emergencia.<\/p>\n<p>El Coordinador de Protecci\u00f3n Civil y Bomberos Javier Lam, inform\u00f3 que las atenciones correspondieron a diferentes eventualidades, entre ellas incendios de pastizales, terrenos bald\u00edos y domicilios, as\u00ed como accidentes vehiculares, adem\u00e1s de otros reportes de emergencia.<\/p>\n<p>Protecci\u00f3n Civil y Bomberos mantiene una atenci\u00f3n permanente para responder oportunamente a los llamados de auxilio y salvaguardar a las familias de Reynosa.<\/p>\n<p>#GobiernoMunicipalDeReynosa<br \/>\n#ReynosaImparable<\/p>\n<p><img loading=\"lazy\" decoding=\"async\" class=\"aligncenter size-full wp-image-228460\" src=\"https:\/\/www.buroperiodistico.com.mx\/wp-content\/uploads\/2026\/08\/Pcx-I-12.jpg\" alt=\"\" width=\"480\" height=\"640\" srcset=\"https:\/\/www.buroperiodistico.com.mx\/wp-content\/uploads\/2026\/08\/Pcx-I-12.jpg 480w, https:\/\/www.buroperiodistico.com.mx\/wp-content\/uploads\/2026\/08\/Pcx-I-12-225x300.jpg 225w\" sizes=\"auto, (max-width: 480px) 100vw, 480px\" \/> <img loading=\"lazy\" decoding=\"async\" class=\"aligncenter size-full wp-image-228462\" src=\"https:\/\/www.buroperiodistico.com.mx\/wp-content\/uploads\/2026\/08\/Pcx-III-8.jpg\" alt=\"\" width=\"640\" height=\"480\" srcset=\"https:\/\/www.buroperiodistico.com.mx\/wp-content\/uploads\/2026\/08\/Pcx-III-8.jpg 640w, https:\/\/www.buroperiodistico.com.mx\/wp-content\/uploads\/2026\/08\/Pcx-III-8-300x225.jpg 300w\" sizes=\"auto, (max-width: 640px) 100vw, 640px\" \/> <img loading=\"lazy\" decoding=\"async\" class=\"aligncenter size-full wp-image-228461\" src=\"https:\/\/www.buroperiodistico.com.mx\/wp-content\/uploads\/2026\/08\/Pcx-II-9.jpg\" alt=\"\" width=\"360\" height=\"640\" srcset=\"https:\/\/www.buroperiodistico.com.mx\/wp-content\/uploads\/2026\/08\/Pcx-II-9.jpg 360w, https:\/\/www.buroperiodistico.com.mx\/wp-content\/uploads\/2026\/08\/Pcx-II-9-169x300.jpg 169w\" sizes=\"auto, (max-width: 360px) 100vw, 360px\" \/><\/p>\n","protected":false},"excerpt":{"rendered":"<p>Reynosa, Tam (31-Agosto-2026).- El Gobierno Municipal de Reynosa, que encabeza el Alcalde Carlos Pe\u00f1a Ortiz,&#8230;<\/p>\n","protected":false},"author":1,"featured_media":228463,"comment_status":"closed","ping_status":"closed","sticky":false,"template":"","format":"standard","meta":{"footnotes":"","jetpack_publicize_message":"","jetpack_publicize_feature_enabled":true,"jetpack_social_post_already_shared":true,"jetpack_social_options":{"image_generator_settings":{"template":"highway","default_image_id":0,"font":"","enabled":false},"version":2}},"categories":[25,9],"tags":[],"class_list":["post-228459","post","type-post","status-publish","format-standard","has-post-thumbnail","hentry","category-portada","category-reynosa"],"jetpack_publicize_connections":[],"_links":{"self":[{"href":"https:\/\/www.buroperiodistico.com.mx\/index.php?rest_route=\/wp\/v2\/posts\/228459","targetHints":{"allow":["GET"]}}],"collection":[{"href":"https:\/\/www.buroperiodistico.com.mx\/index.php?rest_route=\/wp\/v2\/posts"}],"about":[{"href":"https:\/\/www.buroperiodistico.com.mx\/index.php?rest_route=\/wp\/v2\/types\/post"}],"author":[{"embeddable":true,"href":"https:\/\/www.buroperiodistico.com.mx\/index.php?rest_route=\/wp\/v2\/users\/1"}],"replies":[{"embeddable":true,"href":"https:\/\/www.buroperiodistico.com.mx\/index.php?rest_route=%2Fwp%2Fv2%2Fcomments&post=228459"}],"version-history":[{"count":1,"href":"https:\/\/www.buroperiodistico.com.mx\/index.php?rest_route=\/wp\/v2\/posts\/228459\/revisions"}],"predecessor-version":[{"id":228464,"href":"https:\/\/www.buroperiodistico.com.mx\/index.php?rest_route=\/wp\/v2\/posts\/228459\/revisions\/228464"}],"wp:featuredmedia":[{"embeddable":true,"href":"https:\/\/www.buroperiodistico.com.mx\/index.php?rest_route=\/wp\/v2\/media\/228463"}],"wp:attachment":[{"href":"https:\/\/www.buroperiodistico.com.mx\/index.php?rest_route=%2Fwp%2Fv2%2Fmedia&parent=228459"}],"wp:term":[{"taxonomy":"category","embeddable":true,"href":"https:\/\/www.buroperiodistico.com.mx\/index.php?rest_route=%2Fwp%2Fv2%2Fcategories&post=228459"},{"taxonomy":"post_tag","embeddable":true,"href":"https:\/\/www.buroperiodistico.com.mx\/index.php?rest_route=%2Fwp%2Fv2%2Ftags&post=228459"}],"curies":[{"name":"wp","href":"https:\/\/api.w.org\/{rel}","templated":true}]}}