{"id":228456,"date":"2026-08-31T10:18:30","date_gmt":"2026-08-31T15:18:30","guid":{"rendered":"https:\/\/www.buroperiodistico.com.mx\/?p=228456"},"modified":"2026-08-31T10:18:30","modified_gmt":"2026-08-31T15:18:30","slug":"desdelafrontera-por-pedronatividad-106","status":"publish","type":"post","link":"https:\/\/www.buroperiodistico.com.mx\/?p=228456","title":{"rendered":"#DESDELAFRONTERA\/ POR #PEDRONATIVIDAD"},"content":{"rendered":"<p style=\"text-align: center;\"><em><strong>Lleg\u00f3 con botas y sombrero y con muchos resultados<\/strong><\/em><\/p>\n<p><em><strong>(31-Agosto-2026).-<\/strong><\/em> Si alguien todav\u00eda ten\u00eda dudas de d\u00f3nde est\u00e1 parado Nuevo Laredo dentro del proyecto de transformaci\u00f3n de Tamaulipas, el s\u00e1bado pasado recibi\u00f3 la respuesta\u2026 a caballo y con sombrero puesto.<\/p>\n<p>La Cabalgata de la Unidad \u201cAm\u00e9rico Villarreal Anaya\u201d, celebrada en Ciudad Victoria, termin\u00f3 convirti\u00e9ndose en mucho m\u00e1s que un desfile de jinetes. Fue una aut\u00e9ntica fotograf\u00eda pol\u00edtica de la 4T tamaulipeca, con alcaldes, legisladores, funcionarios y liderazgos morenistas cerrando filas alrededor del gobernador Am\u00e9rico Villarreal Anaya.<\/p>\n<p>M\u00e1s de 2 mil 100 jinetes de los 43 municipios llegaron a la capital tamaulipeca para participar en este encuentro de unidad, pero entre tanta bota, sombrero y caballo hubo una presencia que, para Nuevo Laredo, tuvo especial significado, la alcaldesa Carmen Lilia Canturosas Villarreal.<\/p>\n<p>Y aqu\u00ed est\u00e1 lo interesante.<\/p>\n<p>Carmen Lilia no mand\u00f3 representante, no se qued\u00f3 viendo la cabalgata desde lejos y mucho menos busc\u00f3 hacerse la desaparecida. Agarr\u00f3 carretera, lleg\u00f3 a Ciudad Victoria y se subi\u00f3 al caballo para acompa\u00f1ar personalmente al gobernador Am\u00e9rico Villarreal.<\/p>\n<p>Eso, en pol\u00edtica, tiene lectura.<\/p>\n<p>Porque cuando la alcaldesa de la ciudad m\u00e1s importantes de Tamaulipas aparece personalmente junto al gobernador en un evento que reuni\u00f3 a pr\u00e1cticamente toda la estructura territorial de Morena, el mensaje es bastante claro, Nuevo Laredo est\u00e1 presente y est\u00e1 en la misma ruta de transformaci\u00f3n.<\/p>\n<p>Pero, sin duda, Carmen Lilia ocup\u00f3 un lugar especial.<\/p>\n<p>La alcaldesa ha construido durante estos a\u00f1os una relaci\u00f3n pol\u00edtica y de coordinaci\u00f3n institucional con el gobernador Am\u00e9rico Villarreal que se ha traducido en obras, programas y gestiones para Nuevo Laredo. Y eso se nota cuando llega la hora de demostrar unidad.<\/p>\n<p>Porque una cosa es tomarse la foto cuando conviene y otra muy distinta es estar presente cuando se necesita cerrar filas.<\/p>\n<p>Y vaya que hubo fotograf\u00eda.<\/p>\n<p>Am\u00e9rico Villarreal encabezando la cabalgata, acompa\u00f1ado por alcaldes como Eduardo Gatt\u00e1s, Armando Mart\u00ednez, Beto Granados y Erasmo Gonz\u00e1lez, adem\u00e1s de legisladores, funcionarios y representantes de los distintos municipios.<\/p>\n<p>Y para quienes gustan de leer entre l\u00edneas, la cabalgata tambi\u00e9n dej\u00f3 otro mensaje, la sucesi\u00f3n de 2027 ya empieza a respirarse en el ambiente, aunque oficialmente nadie quiera hablar todav\u00eda de candidaturas.<\/p>\n<p>Hubo porras, hubo nombres que comenzaron a sonar y hubo personajes que aprovecharon el reflector.<\/p>\n<p>Pero una cosa qued\u00f3 demostrada, quien tiene trabajo, territorio y resultados no necesita gritar demasiado para hacerse notar.<\/p>\n<p>Carmen Lilia lleg\u00f3 a Victoria con algo m\u00e1s que sombrero y botas. Lleg\u00f3 con los resultados de cinco a\u00f1os de gobierno en Nuevo Laredo y con una ciudad que ha cambiado de manera evidente en infraestructura, educaci\u00f3n, servicios p\u00fablicos, empleo y desarrollo.<\/p>\n<p>Por eso su presencia junto a Am\u00e9rico no fue una fotograf\u00eda cualquiera.<\/p>\n<p>Fue el retrato de dos gobiernos que han entendido que la coordinaci\u00f3n entre los distintos niveles de gobierno es la llave para que las cosas sucedan.<\/p>\n<p>MORENA SE RE\u00daNE EN NUEVO LAREDO\u2026 Y EL 2027 YA SE ASOM\u00d3<\/p>\n<p>La convocatoria dec\u00eda unidad, soberan\u00eda y defensa de la transformaci\u00f3n.<\/p>\n<p>Pero cualquiera que haya estado el domingo en el Parque Los Girasoles de Nuevo Laredo pudo darse cuenta de que, debajo de esos temas, hab\u00eda otro asunto flotando en el ambiente,<\/p>\n<p>2027 ya empez\u00f3 a calentar motores.<\/p>\n<p>M\u00e1s de cuatro mil morenistas se dieron cita en la Asamblea Informativa por la Defensa de la Soberan\u00eda, con la presencia de la dirigencia estatal de Morena y de buena parte de los personajes que hoy tienen peso pol\u00edtico en Nuevo Laredo. El encuentro cerr\u00f3 en esta frontera la primera vuelta de asambleas informativas realizadas en los 43 municipios de Tamaulipas.<\/p>\n<p>Y en medio de todo ese movimiento apareci\u00f3, como era de esperarse, Carmen Lilia Canturosas Villarreal.<\/p>\n<p>La alcaldesa fue una de las figuras centrales del encuentro y, como primera morenista de Nuevo Laredo. Carmen Lilia encabez\u00f3 un acto que mostr\u00f3 m\u00fasculo territorial y, sobre todo, dej\u00f3 claro que Morena en Nuevo Laredo tiene estructura, organizaci\u00f3n y una militancia que responde a las convocatorias.<\/p>\n<p>Y hay que reconocerlo, la dirigente estatal Lupita G\u00f3mez no tuvo empacho en destacar el trabajo de Carmen Lilia y el hecho de que Nuevo Laredo tenga un gobierno emanado de Morena.<\/p>\n<p>Eso pesa.<\/p>\n<p>Pero v\u00e1monos al verdadero chile de la asamblea.<\/p>\n<p>Porque ah\u00ed estaban varios de los nombres que ya circulan para la candidatura morenista a la alcald\u00eda de Nuevo Laredo.<\/p>\n<p>Ninfa Cant\u00fa De\u00e1ndar, Carlos de Anda, Pedro Lozano Mart\u00ednez y Jorge Luis Miranda Ni\u00f1o , entre otros que estuvieron presentes en el encuentro. Tambi\u00e9n acudieron los diputados locales Gabriela Regalado, Ana Laura Huerta y Sergio Sergio \u00abCheko\u00bb Ojeda, adem\u00e1s de funcionarios y consejeros del partido.<\/p>\n<p>Y cuando la dirigencia comenz\u00f3 a mencionar a los posibles aspirantes, el asunto se puso sabroso.<\/p>\n<p>Primero apareci\u00f3 Ninfa Cant\u00fa y llegaron las porras.<\/p>\n<p>Despu\u00e9s mencionaron a Pedro Lozano y los gritos subieron todav\u00eda m\u00e1s.<\/p>\n<p>La cosa se estaba calentando tanto que tuvieron que pedir aquello de \u201c\u00a1Unidad, unidad!\u201d para bajar un poco la temperatura.<\/p>\n<p>Carlos de Anda, el secretario de Obras P\u00fablicas de Nuevo Laredo estuvo presente en la asamblea y fue incluido entre los perfiles que aparecen en la conversaci\u00f3n interna rumbo a la candidatura municipal.<\/p>\n<p>La asamblea del domingo dej\u00f3 algo muy claro,<\/p>\n<p>Morena est\u00e1 organizado, tiene gente, tiene estructura y tiene varios perfiles para competir.<\/p>\n<p>La carrera apenas empieza.<\/p>\n<p>Los caballos ya est\u00e1n ensillados.<\/p>\n<p>Y despu\u00e9s de lo visto este fin de semana, parece que en Morena Nuevo Laredo ya comenzaron a repartir las primeras porras\u2026 aunque todav\u00eda nadie tiene la silla asegurada&#8230; \u00bfQu\u00e9, no?, NOS LEEMOS.<\/p>\n<p>Comentarios: pedropnatividad@gmail.com<\/p>\n","protected":false},"excerpt":{"rendered":"<p>Lleg\u00f3 con botas y sombrero y con muchos resultados (31-Agosto-2026).- Si alguien todav\u00eda ten\u00eda dudas&#8230;<\/p>\n","protected":false},"author":1,"featured_media":149241,"comment_status":"closed","ping_status":"closed","sticky":false,"template":"","format":"standard","meta":{"footnotes":"","jetpack_publicize_message":"","jetpack_publicize_feature_enabled":true,"jetpack_social_post_already_shared":true,"jetpack_social_options":{"image_generator_settings":{"template":"highway","default_image_id":0,"font":"","enabled":false},"version":2}},"categories":[23],"tags":[],"class_list":["post-228456","post","type-post","status-publish","format-standard","has-post-thumbnail","hentry","category-columnas"],"jetpack_publicize_connections":[],"_links":{"self":[{"href":"https:\/\/www.buroperiodistico.com.mx\/index.php?rest_route=\/wp\/v2\/posts\/228456","targetHints":{"allow":["GET"]}}],"collection":[{"href":"https:\/\/www.buroperiodistico.com.mx\/index.php?rest_route=\/wp\/v2\/posts"}],"about":[{"href":"https:\/\/www.buroperiodistico.com.mx\/index.php?rest_route=\/wp\/v2\/types\/post"}],"author":[{"embeddable":true,"href":"https:\/\/www.buroperiodistico.com.mx\/index.php?rest_route=\/wp\/v2\/users\/1"}],"replies":[{"embeddable":true,"href":"https:\/\/www.buroperiodistico.com.mx\/index.php?rest_route=%2Fwp%2Fv2%2Fcomments&post=228456"}],"version-history":[{"count":1,"href":"https:\/\/www.buroperiodistico.com.mx\/index.php?rest_route=\/wp\/v2\/posts\/228456\/revisions"}],"predecessor-version":[{"id":228457,"href":"https:\/\/www.buroperiodistico.com.mx\/index.php?rest_route=\/wp\/v2\/posts\/228456\/revisions\/228457"}],"wp:featuredmedia":[{"embeddable":true,"href":"https:\/\/www.buroperiodistico.com.mx\/index.php?rest_route=\/wp\/v2\/media\/149241"}],"wp:attachment":[{"href":"https:\/\/www.buroperiodistico.com.mx\/index.php?rest_route=%2Fwp%2Fv2%2Fmedia&parent=228456"}],"wp:term":[{"taxonomy":"category","embeddable":true,"href":"https:\/\/www.buroperiodistico.com.mx\/index.php?rest_route=%2Fwp%2Fv2%2Fcategories&post=228456"},{"taxonomy":"post_tag","embeddable":true,"href":"https:\/\/www.buroperiodistico.com.mx\/index.php?rest_route=%2Fwp%2Fv2%2Ftags&post=228456"}],"curies":[{"name":"wp","href":"https:\/\/api.w.org\/{rel}","templated":true}]}}