{"id":228453,"date":"2026-08-31T10:12:43","date_gmt":"2026-08-31T15:12:43","guid":{"rendered":"https:\/\/www.buroperiodistico.com.mx\/?p=228453"},"modified":"2026-08-31T10:12:43","modified_gmt":"2026-08-31T15:12:43","slug":"realizara-dif-reynosa-brigada-en-la-colonia-benito-juarez","status":"publish","type":"post","link":"https:\/\/www.buroperiodistico.com.mx\/?p=228453","title":{"rendered":"Realizar\u00e1 DIF-Reynosa brigada en la colonia Benito Ju\u00e1rez"},"content":{"rendered":"<ul>\n<li><strong><em>Este Martes 1 de septiembre.<\/em><\/strong><\/li>\n<\/ul>\n<p><strong>Reynosa, Tam (31-Agosto-2026).-<\/strong> Por instrucciones del Alcalde, Carlos Pe\u00f1a Ortiz, el Sistema DIF-Reynosa que preside Carlos Luis Pe\u00f1a Garza, llevar\u00e1 este martes 1 de septiembre la brigada \u00abDIF en tu Colonia\u00bb a vecinos de la colonia Benito Ju\u00e1rez, con el prop\u00f3sito de acercar atenci\u00f3n y servicios gratuitos a las familias de este sector y zonas aleda\u00f1as.<\/p>\n<p>La brigada se realizar\u00e1 en la Escuela Secundaria T\u00e9cnica 45 \u201cIgnacio Manuel Altamirano\u201d, ubicada en calle H\u00e9roes de la Reforma s\/n, entre Pochutla y Puerto Escondido, donde las familias podr\u00e1n acudir para conocer y aprovechar los servicios que ofrece el organismo asistencial, adem\u00e1s de atenci\u00f3n por parte de dependencias como COMAPA, Bienestar Animal, Bienestar Social y Secretar\u00eda de Finanzas.<\/p>\n<p>El Sistema DIF-Reynosa invita a los habitantes de la zona a participar en esta brigada y aprovechar la atenci\u00f3n que se brindar\u00e1, como parte de las acciones para acercar los servicios asistenciales directamente a las colonias de la ciudad.<\/p>\n<p><img loading=\"lazy\" decoding=\"async\" class=\"aligncenter  wp-image-228454\" src=\"https:\/\/www.buroperiodistico.com.mx\/wp-content\/uploads\/2026\/08\/DIFx-19.jpg\" alt=\"\" width=\"879\" height=\"475\" srcset=\"https:\/\/www.buroperiodistico.com.mx\/wp-content\/uploads\/2026\/08\/DIFx-19.jpg 1110w, https:\/\/www.buroperiodistico.com.mx\/wp-content\/uploads\/2026\/08\/DIFx-19-300x162.jpg 300w, https:\/\/www.buroperiodistico.com.mx\/wp-content\/uploads\/2026\/08\/DIFx-19-1024x554.jpg 1024w, https:\/\/www.buroperiodistico.com.mx\/wp-content\/uploads\/2026\/08\/DIFx-19-768x415.jpg 768w\" sizes=\"auto, (max-width: 879px) 100vw, 879px\" \/><\/p>\n","protected":false},"excerpt":{"rendered":"<p>Este Martes 1 de septiembre. Reynosa, Tam (31-Agosto-2026).- Por instrucciones del Alcalde, Carlos Pe\u00f1a Ortiz,&#8230;<\/p>\n","protected":false},"author":1,"featured_media":228454,"comment_status":"closed","ping_status":"closed","sticky":false,"template":"","format":"standard","meta":{"footnotes":"","jetpack_publicize_message":"","jetpack_publicize_feature_enabled":true,"jetpack_social_post_already_shared":true,"jetpack_social_options":{"image_generator_settings":{"template":"highway","default_image_id":0,"font":"","enabled":false},"version":2}},"categories":[9],"tags":[],"class_list":["post-228453","post","type-post","status-publish","format-standard","has-post-thumbnail","hentry","category-reynosa"],"jetpack_publicize_connections":[],"_links":{"self":[{"href":"https:\/\/www.buroperiodistico.com.mx\/index.php?rest_route=\/wp\/v2\/posts\/228453","targetHints":{"allow":["GET"]}}],"collection":[{"href":"https:\/\/www.buroperiodistico.com.mx\/index.php?rest_route=\/wp\/v2\/posts"}],"about":[{"href":"https:\/\/www.buroperiodistico.com.mx\/index.php?rest_route=\/wp\/v2\/types\/post"}],"author":[{"embeddable":true,"href":"https:\/\/www.buroperiodistico.com.mx\/index.php?rest_route=\/wp\/v2\/users\/1"}],"replies":[{"embeddable":true,"href":"https:\/\/www.buroperiodistico.com.mx\/index.php?rest_route=%2Fwp%2Fv2%2Fcomments&post=228453"}],"version-history":[{"count":1,"href":"https:\/\/www.buroperiodistico.com.mx\/index.php?rest_route=\/wp\/v2\/posts\/228453\/revisions"}],"predecessor-version":[{"id":228455,"href":"https:\/\/www.buroperiodistico.com.mx\/index.php?rest_route=\/wp\/v2\/posts\/228453\/revisions\/228455"}],"wp:featuredmedia":[{"embeddable":true,"href":"https:\/\/www.buroperiodistico.com.mx\/index.php?rest_route=\/wp\/v2\/media\/228454"}],"wp:attachment":[{"href":"https:\/\/www.buroperiodistico.com.mx\/index.php?rest_route=%2Fwp%2Fv2%2Fmedia&parent=228453"}],"wp:term":[{"taxonomy":"category","embeddable":true,"href":"https:\/\/www.buroperiodistico.com.mx\/index.php?rest_route=%2Fwp%2Fv2%2Fcategories&post=228453"},{"taxonomy":"post_tag","embeddable":true,"href":"https:\/\/www.buroperiodistico.com.mx\/index.php?rest_route=%2Fwp%2Fv2%2Ftags&post=228453"}],"curies":[{"name":"wp","href":"https:\/\/api.w.org\/{rel}","templated":true}]}}